{"id":5695,"date":"2026-01-17T11:37:31","date_gmt":"2026-01-17T17:37:31","guid":{"rendered":"https:\/\/trabucoradio.com\/home\/?p=5695"},"modified":"2026-01-17T11:37:31","modified_gmt":"2026-01-17T17:37:31","slug":"sheinbaum-asegura-que-mexico-sigue-siendo-esperanza-del-mundo","status":"publish","type":"post","link":"https:\/\/trabucoradio.com\/home\/?p=5695","title":{"rendered":"SHEINBAUM ASEGURA QUE &#8216;M\u00c9XICO SIGUE SIENDO ESPERANZA DEL MUNDO&#8217;"},"content":{"rendered":"<p><strong>SHEINBAUM ASEGURA QUE &#8216;M\u00c9XICO SIGUE SIENDO ESPERANZA DEL MUNDO&#8217;<\/strong><\/p>\n<p>La presidenta\u00a0 de M\u00e9xico, Claudia Sheinbaum Pardo,\u00a0lanz\u00f3 un discurso durante su visita a\u00a0Tlalnepantla, donde asegur\u00f3 que &#8216;M\u00e9xico sigue siendo esperanza del Mundo, aqu\u00ed es el \u00fanico lugar en el Mundo donde elegimos entre todos al\u00a0Poder Judicial&#8217;.<\/p>\n<p>Dijo que la\u00a0<strong>&#8216;Suprema Corte\u00a0se eligi\u00f3 entre todas y todos los mexicanos y por eso el presidente es un ind\u00edgena mixteco como\u00a0Benito Ju\u00e1rez, aunque Benito Ju\u00e1rez era zapoteco, pero es un ind\u00edgena&#8217;.<\/strong><\/p>\n<p>Sheinbaum resalt\u00f3 la dispersi\u00f3n de dinero en\u00a0programas sociales, atac\u00f3 a gobiernos anteriores y reivindic\u00f3 la historia nacional.<\/p>\n<p><strong>&#8216;No crean que cualquier pa\u00eds del mundo tiene un (Jos\u00e9 Mar\u00eda) Morelos. No crean que cualquier pa\u00eds del mundo tiene una Josefa Ortiz, una Leona Vicario. No crean que cualquier pa\u00eds del mundo tienen a esos h\u00e9roes hero\u00edna sin independentistas&#8217;,<\/strong>\u00a0dijo y luego a\u00f1adi\u00f3 que no cualquier pa\u00eds tiene pensiones del Bienestar.<\/p>\n<p>Sheinbaum Pardo prometi\u00f3 seguir apoyando a la poblaci\u00f3n con obras, aunque repar\u00f3 en la necesidad de atacar a los baches.<\/p>\n","protected":false},"excerpt":{"rendered":"<p>SHEINBAUM ASEGURA QUE &#8216;M\u00c9XICO SIGUE SIENDO ESPERANZA DEL MUNDO&#8217; La presidenta\u00a0 de M\u00e9xico, Claudia Sheinbaum Pardo,\u00a0lanz\u00f3 un discurso durante su visita a\u00a0Tlalnepantla, donde asegur\u00f3 que &#8216;M\u00e9xico sigue siendo esperanza del Mundo, aqu\u00ed es el \u00fanico lugar en el Mundo donde elegimos entre todos al\u00a0Poder Judicial&#8217;. Dijo que la\u00a0&#8216;Suprema Corte\u00a0se eligi\u00f3 entre todas y todos los [&hellip;]<\/p>\n","protected":false},"author":1,"featured_media":5696,"comment_status":"open","ping_status":"open","sticky":false,"template":"","format":"standard","meta":{"footnotes":""},"categories":[4,3],"tags":[],"class_list":["post-5695","post","type-post","status-publish","format-standard","has-post-thumbnail","hentry","category-noticias","category-politica"],"_links":{"self":[{"href":"https:\/\/trabucoradio.com\/home\/index.php?rest_route=\/wp\/v2\/posts\/5695","targetHints":{"allow":["GET"]}}],"collection":[{"href":"https:\/\/trabucoradio.com\/home\/index.php?rest_route=\/wp\/v2\/posts"}],"about":[{"href":"https:\/\/trabucoradio.com\/home\/index.php?rest_route=\/wp\/v2\/types\/post"}],"author":[{"embeddable":true,"href":"https:\/\/trabucoradio.com\/home\/index.php?rest_route=\/wp\/v2\/users\/1"}],"replies":[{"embeddable":true,"href":"https:\/\/trabucoradio.com\/home\/index.php?rest_route=%2Fwp%2Fv2%2Fcomments&post=5695"}],"version-history":[{"count":1,"href":"https:\/\/trabucoradio.com\/home\/index.php?rest_route=\/wp\/v2\/posts\/5695\/revisions"}],"predecessor-version":[{"id":5697,"href":"https:\/\/trabucoradio.com\/home\/index.php?rest_route=\/wp\/v2\/posts\/5695\/revisions\/5697"}],"wp:featuredmedia":[{"embeddable":true,"href":"https:\/\/trabucoradio.com\/home\/index.php?rest_route=\/wp\/v2\/media\/5696"}],"wp:attachment":[{"href":"https:\/\/trabucoradio.com\/home\/index.php?rest_route=%2Fwp%2Fv2%2Fmedia&parent=5695"}],"wp:term":[{"taxonomy":"category","embeddable":true,"href":"https:\/\/trabucoradio.com\/home\/index.php?rest_route=%2Fwp%2Fv2%2Fcategories&post=5695"},{"taxonomy":"post_tag","embeddable":true,"href":"https:\/\/trabucoradio.com\/home\/index.php?rest_route=%2Fwp%2Fv2%2Ftags&post=5695"}],"curies":[{"name":"wp","href":"https:\/\/api.w.org\/{rel}","templated":true}]}}