{"id":5685,"date":"2026-01-14T14:15:39","date_gmt":"2026-01-14T20:15:39","guid":{"rendered":"https:\/\/trabucoradio.com\/home\/?p=5685"},"modified":"2026-01-14T14:15:39","modified_gmt":"2026-01-14T20:15:39","slug":"sheinbaum-esta-convencida-de-que-seguira-el-t-mec-pese-a-criticas-de-trump","status":"publish","type":"post","link":"https:\/\/trabucoradio.com\/home\/?p=5685","title":{"rendered":"SHEINBAUM EST\u00c1 \u00abCONVENCIDA\u00bb DE QUE SEGUIR\u00c1 EL T-MEC PESE A CR\u00cdTICAS DE TRUMP"},"content":{"rendered":"<p><strong>SHEINBAUM EST\u00c1 \u00abCONVENCIDA\u00bb DE QUE SEGUIR\u00c1 EL T-MEC PESE A CR\u00cdTICAS DE TRUMP<\/strong><\/p>\n<p>La presidenta\u00a0\u00a0<strong>Claudia Sheinbaum\u00a0<\/strong>se\u00f1al\u00f3 este mi\u00e9rcoles que est\u00e1 \u201cconvencida\u201d de que la relaci\u00f3n comercial con\u00a0<strong>Estados Unidos<\/strong>\u00a0va a seguir, pese a las declaraciones del mandatario\u00a0<strong>Donald Trump<\/strong>, quien afirm\u00f3 que su pa\u00eds \u201cno necesita\u201d productos fabricados en\u00a0<strong>M\u00e9xico<\/strong>\u00a0ni en\u00a0<strong>Canad\u00e1<\/strong>.<\/p>\n<p>La reacci\u00f3n de Sheinbaum ocurre luego de que el presidente estadounidense se\u00f1al\u00f3 el martes, durante un recorrido por una planta automotriz de\u00a0<strong>Ford<\/strong>\u00a0en Detroit, que \u00abni siquiera pensaba\u00bb en el tratado comercial que tiene con M\u00e9xico y Canad\u00e1 (<strong>T-MEC<\/strong>) al ser \u00abirrelevante\u00bb.<\/p>\n<p>Al respecto, Sheinbaum detall\u00f3 que las empresas estadounidenses tienen plantas de producci\u00f3n en M\u00e9xico, incluso mencion\u00f3 que, recientemente,\u00a0<strong>empresarios<\/strong>\u00a0de aquel pa\u00eds compraron una empresa de transformadores en el pa\u00eds, lo cual, \u201cquiere decir que hay confianza\u201d.<\/p>\n<p>Pese a las declaraciones de Trump, Sheinbaum evadi\u00f3 entrar en debate y destac\u00f3 que existen varios factores que garantizan que exista el T-MEC, como que no haya impuestos de\u00a0<strong>importaci\u00f3n y exportaci\u00f3n<\/strong>\u00a0a productos que est\u00e1n dentro del tratado.<\/p>\n","protected":false},"excerpt":{"rendered":"<p>SHEINBAUM EST\u00c1 \u00abCONVENCIDA\u00bb DE QUE SEGUIR\u00c1 EL T-MEC PESE A CR\u00cdTICAS DE TRUMP La presidenta\u00a0\u00a0Claudia Sheinbaum\u00a0se\u00f1al\u00f3 este mi\u00e9rcoles que est\u00e1 \u201cconvencida\u201d de que la relaci\u00f3n comercial con\u00a0Estados Unidos\u00a0va a seguir, pese a las declaraciones del mandatario\u00a0Donald Trump, quien afirm\u00f3 que su pa\u00eds \u201cno necesita\u201d productos fabricados en\u00a0M\u00e9xico\u00a0ni en\u00a0Canad\u00e1. La reacci\u00f3n de Sheinbaum ocurre luego de [&hellip;]<\/p>\n","protected":false},"author":1,"featured_media":5686,"comment_status":"open","ping_status":"open","sticky":false,"template":"","format":"standard","meta":{"footnotes":""},"categories":[3],"tags":[],"class_list":["post-5685","post","type-post","status-publish","format-standard","has-post-thumbnail","hentry","category-politica"],"_links":{"self":[{"href":"https:\/\/trabucoradio.com\/home\/index.php?rest_route=\/wp\/v2\/posts\/5685","targetHints":{"allow":["GET"]}}],"collection":[{"href":"https:\/\/trabucoradio.com\/home\/index.php?rest_route=\/wp\/v2\/posts"}],"about":[{"href":"https:\/\/trabucoradio.com\/home\/index.php?rest_route=\/wp\/v2\/types\/post"}],"author":[{"embeddable":true,"href":"https:\/\/trabucoradio.com\/home\/index.php?rest_route=\/wp\/v2\/users\/1"}],"replies":[{"embeddable":true,"href":"https:\/\/trabucoradio.com\/home\/index.php?rest_route=%2Fwp%2Fv2%2Fcomments&post=5685"}],"version-history":[{"count":1,"href":"https:\/\/trabucoradio.com\/home\/index.php?rest_route=\/wp\/v2\/posts\/5685\/revisions"}],"predecessor-version":[{"id":5687,"href":"https:\/\/trabucoradio.com\/home\/index.php?rest_route=\/wp\/v2\/posts\/5685\/revisions\/5687"}],"wp:featuredmedia":[{"embeddable":true,"href":"https:\/\/trabucoradio.com\/home\/index.php?rest_route=\/wp\/v2\/media\/5686"}],"wp:attachment":[{"href":"https:\/\/trabucoradio.com\/home\/index.php?rest_route=%2Fwp%2Fv2%2Fmedia&parent=5685"}],"wp:term":[{"taxonomy":"category","embeddable":true,"href":"https:\/\/trabucoradio.com\/home\/index.php?rest_route=%2Fwp%2Fv2%2Fcategories&post=5685"},{"taxonomy":"post_tag","embeddable":true,"href":"https:\/\/trabucoradio.com\/home\/index.php?rest_route=%2Fwp%2Fv2%2Ftags&post=5685"}],"curies":[{"name":"wp","href":"https:\/\/api.w.org\/{rel}","templated":true}]}}