{"id":5672,"date":"2026-01-06T11:39:01","date_gmt":"2026-01-06T17:39:01","guid":{"rendered":"https:\/\/trabucoradio.com\/home\/?p=5672"},"modified":"2026-01-06T11:39:01","modified_gmt":"2026-01-06T17:39:01","slug":"entregan-mas-de-22-mil-500-regalos-en-festejo-de-reyes-magos-en-quinta-grijalva","status":"publish","type":"post","link":"https:\/\/trabucoradio.com\/home\/?p=5672","title":{"rendered":"ENTREGAN M\u00c1S DE 22 MIL 500 REGALOS EN FESTEJO DE REYES MAGOS EN QUINTA GRIJALVA"},"content":{"rendered":"<p><strong>ENTREGAN M\u00c1S DE 22 MIL 500 REGALOS EN FESTEJO DE REYES MAGOS EN QUINTA GRIJALVA<\/strong><\/p>\n<p><strong>M\u00e1s de 22 mil 500 obsequios fueron entregados a ni\u00f1as y ni\u00f1os que asistieron al tradicional festejo realizado en el Centro Cultural Quinta Grijalva, e<\/strong>n el marco de la celebraci\u00f3n del D\u00eda de Reyes, confirm\u00f3 la secretaria de Cultura, Aida Elba Santiago.<\/p>\n<p>La funcionaria record\u00f3 que con estas actividades se busca fomentar las tradiciones. \u201cTenemos 22 mil 500 regalos y muchos juguetes m\u00e1s.\u00a0<strong>Hoy es momento de dar, de ser generosos y de seguir fortaleciendo estas tradiciones\u201d<\/strong>, sostuvo.<\/p>\n<p>Asimismo, subray\u00f3 que<strong>\u00a0el evento fue organizado con especial dedicaci\u00f3n para que las infancias tabasque\u00f1as<\/strong>\u00a0vivieran una experiencia para recordar, en coordinaci\u00f3n con diversas instituciones del Estado.<\/p>\n<p>Asimismo, inform\u00f3 que<strong>\u00a0a partir de las tres de la tarde iniciar\u00e1n las actividades culturales en la parte baja del recinto<\/strong>, incluyendo un espect\u00e1culo especial con la participaci\u00f3n de diversos personajes, pensado en el disfrute de las familias visitantes.<\/p>\n","protected":false},"excerpt":{"rendered":"<p>ENTREGAN M\u00c1S DE 22 MIL 500 REGALOS EN FESTEJO DE REYES MAGOS EN QUINTA GRIJALVA M\u00e1s de 22 mil 500 obsequios fueron entregados a ni\u00f1as y ni\u00f1os que asistieron al tradicional festejo realizado en el Centro Cultural Quinta Grijalva, en el marco de la celebraci\u00f3n del D\u00eda de Reyes, confirm\u00f3 la secretaria de Cultura, Aida [&hellip;]<\/p>\n","protected":false},"author":1,"featured_media":5673,"comment_status":"open","ping_status":"open","sticky":false,"template":"","format":"standard","meta":{"footnotes":""},"categories":[4],"tags":[],"class_list":["post-5672","post","type-post","status-publish","format-standard","has-post-thumbnail","hentry","category-noticias"],"_links":{"self":[{"href":"https:\/\/trabucoradio.com\/home\/index.php?rest_route=\/wp\/v2\/posts\/5672","targetHints":{"allow":["GET"]}}],"collection":[{"href":"https:\/\/trabucoradio.com\/home\/index.php?rest_route=\/wp\/v2\/posts"}],"about":[{"href":"https:\/\/trabucoradio.com\/home\/index.php?rest_route=\/wp\/v2\/types\/post"}],"author":[{"embeddable":true,"href":"https:\/\/trabucoradio.com\/home\/index.php?rest_route=\/wp\/v2\/users\/1"}],"replies":[{"embeddable":true,"href":"https:\/\/trabucoradio.com\/home\/index.php?rest_route=%2Fwp%2Fv2%2Fcomments&post=5672"}],"version-history":[{"count":1,"href":"https:\/\/trabucoradio.com\/home\/index.php?rest_route=\/wp\/v2\/posts\/5672\/revisions"}],"predecessor-version":[{"id":5674,"href":"https:\/\/trabucoradio.com\/home\/index.php?rest_route=\/wp\/v2\/posts\/5672\/revisions\/5674"}],"wp:featuredmedia":[{"embeddable":true,"href":"https:\/\/trabucoradio.com\/home\/index.php?rest_route=\/wp\/v2\/media\/5673"}],"wp:attachment":[{"href":"https:\/\/trabucoradio.com\/home\/index.php?rest_route=%2Fwp%2Fv2%2Fmedia&parent=5672"}],"wp:term":[{"taxonomy":"category","embeddable":true,"href":"https:\/\/trabucoradio.com\/home\/index.php?rest_route=%2Fwp%2Fv2%2Fcategories&post=5672"},{"taxonomy":"post_tag","embeddable":true,"href":"https:\/\/trabucoradio.com\/home\/index.php?rest_route=%2Fwp%2Fv2%2Ftags&post=5672"}],"curies":[{"name":"wp","href":"https:\/\/api.w.org\/{rel}","templated":true}]}}