{"id":5669,"date":"2026-01-06T11:36:35","date_gmt":"2026-01-06T17:36:35","guid":{"rendered":"https:\/\/trabucoradio.com\/home\/?p=5669"},"modified":"2026-01-06T11:36:35","modified_gmt":"2026-01-06T17:36:35","slug":"luis-andres-gutierrez-garnica-asume-la-gn-tabasco","status":"publish","type":"post","link":"https:\/\/trabucoradio.com\/home\/?p=5669","title":{"rendered":"LUIS ANDR\u00c9S GUTI\u00c9RREZ GARNICA ASUME LA GN TABASCO"},"content":{"rendered":"<p><strong>LUIS ANDR\u00c9S GUTI\u00c9RREZ GARNICA ASUME LA GN TABASCO<\/strong><\/p>\n<p><strong>El<\/strong>\u00a0<strong>general Brigadier Luis Andr\u00e9s Guti\u00e9rrez Garnica, asumi\u00f3 este martes la Coordinaci\u00f3n Estatal de la Guardia Nacional en Tabasco.<\/strong><\/p>\n<p>En la ceremonia a la que asisti\u00f3 el gobernador Javier May Rodr\u00edguez se realiz\u00f3 la Toma de Posesi\u00f3n al Cargo y Protesta de Bandera, por el coordinador territorial de la GN Regi\u00f3n Golfo, Ignacio Murillo Rodr\u00edguez y en presencia de integrantes de la Mesa para la Construcci\u00f3n de Paz y Seguridad.<\/p>\n<p>Por disposici\u00f3n de la Presidenta de M\u00e9xico y comandanta Suprema de las Fuerzas Armadas, Claudia Sheinbaum Pardo, se llev\u00f3 a cabo el\u00a0<strong>relevo en sustituci\u00f3n de Julio Cesar Moreno Mijangos, que en agosto de 2025 hab\u00eda asumido el cargo.<\/strong><\/p>\n<p><strong>Guti\u00e9rrez Garnica cuenta con 38 a\u00f1os de servicio, cuenta con una Licenciatura en Administraci\u00f3n Militar y una Maestr\u00eda en Seguridad Nacional.<\/strong>\u00a0A partir de esta semana se suma a las labores para la construcci\u00f3n de la paz en la entidad<\/p>\n","protected":false},"excerpt":{"rendered":"<p>LUIS ANDR\u00c9S GUTI\u00c9RREZ GARNICA ASUME LA GN TABASCO El\u00a0general Brigadier Luis Andr\u00e9s Guti\u00e9rrez Garnica, asumi\u00f3 este martes la Coordinaci\u00f3n Estatal de la Guardia Nacional en Tabasco. En la ceremonia a la que asisti\u00f3 el gobernador Javier May Rodr\u00edguez se realiz\u00f3 la Toma de Posesi\u00f3n al Cargo y Protesta de Bandera, por el coordinador territorial de [&hellip;]<\/p>\n","protected":false},"author":1,"featured_media":5670,"comment_status":"open","ping_status":"open","sticky":false,"template":"","format":"standard","meta":{"footnotes":""},"categories":[4],"tags":[],"class_list":["post-5669","post","type-post","status-publish","format-standard","has-post-thumbnail","hentry","category-noticias"],"_links":{"self":[{"href":"https:\/\/trabucoradio.com\/home\/index.php?rest_route=\/wp\/v2\/posts\/5669","targetHints":{"allow":["GET"]}}],"collection":[{"href":"https:\/\/trabucoradio.com\/home\/index.php?rest_route=\/wp\/v2\/posts"}],"about":[{"href":"https:\/\/trabucoradio.com\/home\/index.php?rest_route=\/wp\/v2\/types\/post"}],"author":[{"embeddable":true,"href":"https:\/\/trabucoradio.com\/home\/index.php?rest_route=\/wp\/v2\/users\/1"}],"replies":[{"embeddable":true,"href":"https:\/\/trabucoradio.com\/home\/index.php?rest_route=%2Fwp%2Fv2%2Fcomments&post=5669"}],"version-history":[{"count":1,"href":"https:\/\/trabucoradio.com\/home\/index.php?rest_route=\/wp\/v2\/posts\/5669\/revisions"}],"predecessor-version":[{"id":5671,"href":"https:\/\/trabucoradio.com\/home\/index.php?rest_route=\/wp\/v2\/posts\/5669\/revisions\/5671"}],"wp:featuredmedia":[{"embeddable":true,"href":"https:\/\/trabucoradio.com\/home\/index.php?rest_route=\/wp\/v2\/media\/5670"}],"wp:attachment":[{"href":"https:\/\/trabucoradio.com\/home\/index.php?rest_route=%2Fwp%2Fv2%2Fmedia&parent=5669"}],"wp:term":[{"taxonomy":"category","embeddable":true,"href":"https:\/\/trabucoradio.com\/home\/index.php?rest_route=%2Fwp%2Fv2%2Fcategories&post=5669"},{"taxonomy":"post_tag","embeddable":true,"href":"https:\/\/trabucoradio.com\/home\/index.php?rest_route=%2Fwp%2Fv2%2Ftags&post=5669"}],"curies":[{"name":"wp","href":"https:\/\/api.w.org\/{rel}","templated":true}]}}