{"id":5665,"date":"2026-01-03T12:17:33","date_gmt":"2026-01-03T18:17:33","guid":{"rendered":"https:\/\/trabucoradio.com\/home\/?p=5665"},"modified":"2026-01-03T12:17:33","modified_gmt":"2026-01-03T18:17:33","slug":"fgr-ya-tiene-bajo-resguardo-caja-negra-de-tren-interoceanico-accidentado","status":"publish","type":"post","link":"https:\/\/trabucoradio.com\/home\/?p=5665","title":{"rendered":"FGR YA TIENE BAJO RESGUARDO CAJA NEGRA DE TREN INTEROCE\u00c1NICO ACCIDENTADO"},"content":{"rendered":"<p><strong>FGR YA TIENE BAJO RESGUARDO CAJA NEGRA DE TREN INTEROCE\u00c1NICO ACCIDENTADO<\/strong><\/p>\n<p class=\"Typography_text-default__P3otY Typography_weight-normal__pqUbH Typography_text-default__P3otY Typography_weight-normal__pqUbH\">La<b class=\"bold\">\u00a0Fiscal\u00eda General de la Rep\u00fablica (FGR)<\/b>\u00a0ya tiene bajo su resguardo a una de las piezas clave para las indagatorias del\u00a0<b class=\"bold\">Tren Interoce\u00e1nico<\/b> accidentado el pasado 28 de diciembre en Oaxaca.<\/p>\n<p class=\"Typography_text-default__P3otY Typography_weight-normal__pqUbH Typography_text-default__P3otY Typography_weight-normal__pqUbH\">La Fiscal\u00eda inform\u00f3 que dicho art\u00edculo \u2014<b class=\"bold\">un dispositivo similar al de los aviones<\/b>, dise\u00f1ado para registrar datos clave de la operaci\u00f3n del tren y ayudar en las investigaciones de accidentes\u2014 fue extra\u00eddo con participaci\u00f3n de la\u00a0<b class=\"bold\">Agencia Reguladora de Seguridad Ferroviaria<\/b>, y ya se encuentra en la bodega de indicios.<\/p>\n<p class=\"Typography_text-default__P3otY Typography_weight-normal__pqUbH Typography_text-default__P3otY Typography_weight-normal__pqUbH\">Asimismo, el Ministerio P\u00fablico de la Federaci\u00f3n detall\u00f3 que como parte de la integraci\u00f3n de la carpeta de investigaci\u00f3n, ya compareci\u00f3 el Apoderado Legal de Ferrocarril del Istmo de Tehuantepec, a cargo de la Marina.<\/p>\n<p class=\"Typography_text-default__P3otY Typography_weight-normal__pqUbH Typography_text-default__P3otY Typography_weight-normal__pqUbH\">En ese tenor, se inform\u00f3 que se encontr\u00f3 diverso equipaje de los tripulantes que viajaban en el tren durante el accidente y se alista su reclamaci\u00f3n.<\/p>\n<p class=\"Typography_text-default__P3otY Typography_weight-normal__pqUbH Typography_text-default__P3otY Typography_weight-normal__pqUbH\">\u201cContin\u00faa la elaboraci\u00f3n de los dict\u00e1menes periciales de expertos de la AIC en las materias de gen\u00e9tica y qu\u00edmica forense, inform\u00e1tica, as\u00ed como ingenier\u00eda civil, arquitectura y otras especialidades\u201d, agreg\u00f3 la Fiscal\u00eda.<\/p>\n","protected":false},"excerpt":{"rendered":"<p>FGR YA TIENE BAJO RESGUARDO CAJA NEGRA DE TREN INTEROCE\u00c1NICO ACCIDENTADO La\u00a0Fiscal\u00eda General de la Rep\u00fablica (FGR)\u00a0ya tiene bajo su resguardo a una de las piezas clave para las indagatorias del\u00a0Tren Interoce\u00e1nico accidentado el pasado 28 de diciembre en Oaxaca. La Fiscal\u00eda inform\u00f3 que dicho art\u00edculo \u2014un dispositivo similar al de los aviones, dise\u00f1ado para [&hellip;]<\/p>\n","protected":false},"author":1,"featured_media":5666,"comment_status":"open","ping_status":"open","sticky":false,"template":"","format":"standard","meta":{"footnotes":""},"categories":[4],"tags":[],"class_list":["post-5665","post","type-post","status-publish","format-standard","has-post-thumbnail","hentry","category-noticias"],"_links":{"self":[{"href":"https:\/\/trabucoradio.com\/home\/index.php?rest_route=\/wp\/v2\/posts\/5665","targetHints":{"allow":["GET"]}}],"collection":[{"href":"https:\/\/trabucoradio.com\/home\/index.php?rest_route=\/wp\/v2\/posts"}],"about":[{"href":"https:\/\/trabucoradio.com\/home\/index.php?rest_route=\/wp\/v2\/types\/post"}],"author":[{"embeddable":true,"href":"https:\/\/trabucoradio.com\/home\/index.php?rest_route=\/wp\/v2\/users\/1"}],"replies":[{"embeddable":true,"href":"https:\/\/trabucoradio.com\/home\/index.php?rest_route=%2Fwp%2Fv2%2Fcomments&post=5665"}],"version-history":[{"count":1,"href":"https:\/\/trabucoradio.com\/home\/index.php?rest_route=\/wp\/v2\/posts\/5665\/revisions"}],"predecessor-version":[{"id":5667,"href":"https:\/\/trabucoradio.com\/home\/index.php?rest_route=\/wp\/v2\/posts\/5665\/revisions\/5667"}],"wp:featuredmedia":[{"embeddable":true,"href":"https:\/\/trabucoradio.com\/home\/index.php?rest_route=\/wp\/v2\/media\/5666"}],"wp:attachment":[{"href":"https:\/\/trabucoradio.com\/home\/index.php?rest_route=%2Fwp%2Fv2%2Fmedia&parent=5665"}],"wp:term":[{"taxonomy":"category","embeddable":true,"href":"https:\/\/trabucoradio.com\/home\/index.php?rest_route=%2Fwp%2Fv2%2Fcategories&post=5665"},{"taxonomy":"post_tag","embeddable":true,"href":"https:\/\/trabucoradio.com\/home\/index.php?rest_route=%2Fwp%2Fv2%2Ftags&post=5665"}],"curies":[{"name":"wp","href":"https:\/\/api.w.org\/{rel}","templated":true}]}}