{"id":5655,"date":"2026-01-03T11:22:48","date_gmt":"2026-01-03T17:22:48","guid":{"rendered":"https:\/\/trabucoradio.com\/home\/?p=5655"},"modified":"2026-01-03T11:22:48","modified_gmt":"2026-01-03T17:22:48","slug":"onu-hace-un-llamado-al-dialogo-entre-venezuela-y-estados-unidos","status":"publish","type":"post","link":"https:\/\/trabucoradio.com\/home\/?p=5655","title":{"rendered":"ONU HACE UN LLAMADO AL DI\u00c1LOGO ENTRE VENEZUELA Y ESTADOS UNIDOS\u00a0"},"content":{"rendered":"<p><strong>ONU HACE UN LLAMADO AL DI\u00c1LOGO ENTRE VENEZUELA Y ESTADOS UNIDOS\u00a0<\/strong><\/p>\n<p class=\"Typography_text-default__P3otY Typography_weight-normal__pqUbH Typography_text-default__P3otY Typography_weight-normal__pqUbH\">La Organizaci\u00f3n de las Naciones Unidas (<b class=\"bold\">ONU<\/b>), se pronunci\u00f3 luego del\u00a0<b class=\"bold\">ataque y bombardeo que realiz\u00f3 Estados Unidos<\/b>\u00a0contra la capital de\u00a0<b class=\"bold\"><a class=\"AnnotatedMarkup_link__sO9N0\" href=\"https:\/\/oem.com.mx\/elsoldemexico\/mundo\/cronologia-eu-vs-venezuela-de-las-sanciones-a-la-captura-de-nicolas-maduro-27490753\" target=\"_blank\" rel=\"nofollow noopener\">Venezuela<\/a><\/b>.<\/p>\n<p class=\"Typography_text-default__P3otY Typography_weight-normal__pqUbH Typography_text-default__P3otY Typography_weight-normal__pqUbH\">A trav\u00e9s de <b class=\"bold\">redes sociales<\/b>, se inform\u00f3 que Antonio Guterres, secretario general de la ONU, mostr\u00f3 su preocupaci\u00f3n por \u201cla reciente escalada en Venezuela, que culmin\u00f3 con la acci\u00f3n militar de Estados Unidos hoy en el pa\u00eds, lo que tiene posibles implicaciones preocupantes para la regi\u00f3n\u201d.<\/p>\n<p class=\"Typography_text-default__P3otY Typography_weight-normal__pqUbH Typography_text-default__P3otY Typography_weight-normal__pqUbH\">\u201cIndependientemente de la situaci\u00f3n en Venezuela, estos acontecimientos sientan un\u00a0<b class=\"bold\">precedente peligroso.<\/b>\u00a0Se insiste en la importancia del pleno respeto, por parte de todos, del\u00a0<b class=\"bold\">derecho internacional<\/b>, incluida la\u00a0<b class=\"bold\">Carta de las Naciones Unidas<\/b>, as\u00ed como el respeto a las normas del derecho internacional\u201d, dice la\u00a0<b class=\"bold\">declaraci\u00f3n<\/b>.<\/p>\n<p>El Secretario General hizo un llamado a todos los actores en Venezuela a participar en un di\u00e1logo inclusivo, con pleno respeto de los derechos humanos y el estado de derecho.<\/p>\n","protected":false},"excerpt":{"rendered":"<p>ONU HACE UN LLAMADO AL DI\u00c1LOGO ENTRE VENEZUELA Y ESTADOS UNIDOS\u00a0 La Organizaci\u00f3n de las Naciones Unidas (ONU), se pronunci\u00f3 luego del\u00a0ataque y bombardeo que realiz\u00f3 Estados Unidos\u00a0contra la capital de\u00a0Venezuela. A trav\u00e9s de redes sociales, se inform\u00f3 que Antonio Guterres, secretario general de la ONU, mostr\u00f3 su preocupaci\u00f3n por \u201cla reciente escalada en Venezuela, [&hellip;]<\/p>\n","protected":false},"author":1,"featured_media":5656,"comment_status":"open","ping_status":"open","sticky":false,"template":"","format":"standard","meta":{"footnotes":""},"categories":[4,3],"tags":[],"class_list":["post-5655","post","type-post","status-publish","format-standard","has-post-thumbnail","hentry","category-noticias","category-politica"],"_links":{"self":[{"href":"https:\/\/trabucoradio.com\/home\/index.php?rest_route=\/wp\/v2\/posts\/5655","targetHints":{"allow":["GET"]}}],"collection":[{"href":"https:\/\/trabucoradio.com\/home\/index.php?rest_route=\/wp\/v2\/posts"}],"about":[{"href":"https:\/\/trabucoradio.com\/home\/index.php?rest_route=\/wp\/v2\/types\/post"}],"author":[{"embeddable":true,"href":"https:\/\/trabucoradio.com\/home\/index.php?rest_route=\/wp\/v2\/users\/1"}],"replies":[{"embeddable":true,"href":"https:\/\/trabucoradio.com\/home\/index.php?rest_route=%2Fwp%2Fv2%2Fcomments&post=5655"}],"version-history":[{"count":1,"href":"https:\/\/trabucoradio.com\/home\/index.php?rest_route=\/wp\/v2\/posts\/5655\/revisions"}],"predecessor-version":[{"id":5657,"href":"https:\/\/trabucoradio.com\/home\/index.php?rest_route=\/wp\/v2\/posts\/5655\/revisions\/5657"}],"wp:featuredmedia":[{"embeddable":true,"href":"https:\/\/trabucoradio.com\/home\/index.php?rest_route=\/wp\/v2\/media\/5656"}],"wp:attachment":[{"href":"https:\/\/trabucoradio.com\/home\/index.php?rest_route=%2Fwp%2Fv2%2Fmedia&parent=5655"}],"wp:term":[{"taxonomy":"category","embeddable":true,"href":"https:\/\/trabucoradio.com\/home\/index.php?rest_route=%2Fwp%2Fv2%2Fcategories&post=5655"},{"taxonomy":"post_tag","embeddable":true,"href":"https:\/\/trabucoradio.com\/home\/index.php?rest_route=%2Fwp%2Fv2%2Ftags&post=5655"}],"curies":[{"name":"wp","href":"https:\/\/api.w.org\/{rel}","templated":true}]}}