{"id":5642,"date":"2026-01-03T09:27:32","date_gmt":"2026-01-03T15:27:32","guid":{"rendered":"https:\/\/trabucoradio.com\/home\/?p=5642"},"modified":"2026-01-03T09:27:32","modified_gmt":"2026-01-03T15:27:32","slug":"mexico-condena-energicamente-ataque-de-ee-uu-a-venezuela-y-llama-a-la-onu-a-actuar","status":"publish","type":"post","link":"https:\/\/trabucoradio.com\/home\/?p=5642","title":{"rendered":"M\u00c9XICO &#8216;CONDENA EN\u00c9RGICAMENTE&#8217; ATAQUE DE EE.UU. A VENEZUELA Y LLAMA A LA ONU A &#8216;ACTUAR&#8217;"},"content":{"rendered":"<p><strong>M\u00c9XICO &#8216;CONDENA EN\u00c9RGICAMENTE&#8217; ATAQUE DE EE.UU. A VENEZUELA Y LLAMA A LA ONU A &#8216;ACTUAR&#8217;<\/strong><\/p>\n<p>M\u00e9xico rechaz\u00f3 este s\u00e1bado<strong>\u00a0\u00aben\u00e9rgicamente\u00bb el ataque militar de Estados Unidos contra Venezuela, con acciones en Caracas y otras ciudades del pa\u00eds, y en el que fueron capturados Nicol\u00e1s Maduro y su esposa, Cilia Flores, a la vez que urgi\u00f3 a Naciones Unidas a \u00abactuar inmediatamente\u00bb.<\/strong><\/p>\n<p><strong>\u00abEl Gobierno de M\u00e9xico condena y rechaza en\u00e9rgicamente las acciones militares ejecutadas unilateralmente en las \u00faltimas horas por fuerzas armadas de los Estados Unidos de Am\u00e9rica contra objetivos en territorio de la Rep\u00fablica Bolivariana de Venezuela, en clara violaci\u00f3n del art\u00edculo 2 de la Carta de la Organizaci\u00f3n de las Naciones Unidas (ONU)\u00bb,<\/strong>\u00a0asever\u00f3 un comunicado de la Secretar\u00eda de Relaciones Exteriores, compartido por la presidenta, Claudia Sheinbaum.<\/p>\n<p>Por ello, urgi\u00f3\u00a0<strong>\u00aba la Organizaci\u00f3n de las Naciones Unidas a actuar inmediatamente para contribuir a la desescalada de las tensiones, facilitar el di\u00e1logo y a generar condiciones que permitan una soluci\u00f3n pac\u00edfica, sostenible y conforme al derecho internacional\u00bb.<\/strong><\/p>\n<p>El comunicado de la Canciller\u00eda mexicana remarc\u00f3, adem\u00e1s, que\u00a0<strong>\u00abAm\u00e9rica Latina y el Caribe es una zona de paz, construida sobre la base del respeto mutuo\u00bb, por lo que advirti\u00f3 que \u00abcualquier acci\u00f3n militar pone en grave riesgo la estabilidad regional\u00bb.<\/strong><\/p>\n","protected":false},"excerpt":{"rendered":"<p>M\u00c9XICO &#8216;CONDENA EN\u00c9RGICAMENTE&#8217; ATAQUE DE EE.UU. A VENEZUELA Y LLAMA A LA ONU A &#8216;ACTUAR&#8217; M\u00e9xico rechaz\u00f3 este s\u00e1bado\u00a0\u00aben\u00e9rgicamente\u00bb el ataque militar de Estados Unidos contra Venezuela, con acciones en Caracas y otras ciudades del pa\u00eds, y en el que fueron capturados Nicol\u00e1s Maduro y su esposa, Cilia Flores, a la vez que urgi\u00f3 a [&hellip;]<\/p>\n","protected":false},"author":1,"featured_media":5643,"comment_status":"open","ping_status":"open","sticky":false,"template":"","format":"standard","meta":{"footnotes":""},"categories":[4,3],"tags":[],"class_list":["post-5642","post","type-post","status-publish","format-standard","has-post-thumbnail","hentry","category-noticias","category-politica"],"_links":{"self":[{"href":"https:\/\/trabucoradio.com\/home\/index.php?rest_route=\/wp\/v2\/posts\/5642","targetHints":{"allow":["GET"]}}],"collection":[{"href":"https:\/\/trabucoradio.com\/home\/index.php?rest_route=\/wp\/v2\/posts"}],"about":[{"href":"https:\/\/trabucoradio.com\/home\/index.php?rest_route=\/wp\/v2\/types\/post"}],"author":[{"embeddable":true,"href":"https:\/\/trabucoradio.com\/home\/index.php?rest_route=\/wp\/v2\/users\/1"}],"replies":[{"embeddable":true,"href":"https:\/\/trabucoradio.com\/home\/index.php?rest_route=%2Fwp%2Fv2%2Fcomments&post=5642"}],"version-history":[{"count":1,"href":"https:\/\/trabucoradio.com\/home\/index.php?rest_route=\/wp\/v2\/posts\/5642\/revisions"}],"predecessor-version":[{"id":5644,"href":"https:\/\/trabucoradio.com\/home\/index.php?rest_route=\/wp\/v2\/posts\/5642\/revisions\/5644"}],"wp:featuredmedia":[{"embeddable":true,"href":"https:\/\/trabucoradio.com\/home\/index.php?rest_route=\/wp\/v2\/media\/5643"}],"wp:attachment":[{"href":"https:\/\/trabucoradio.com\/home\/index.php?rest_route=%2Fwp%2Fv2%2Fmedia&parent=5642"}],"wp:term":[{"taxonomy":"category","embeddable":true,"href":"https:\/\/trabucoradio.com\/home\/index.php?rest_route=%2Fwp%2Fv2%2Fcategories&post=5642"},{"taxonomy":"post_tag","embeddable":true,"href":"https:\/\/trabucoradio.com\/home\/index.php?rest_route=%2Fwp%2Fv2%2Ftags&post=5642"}],"curies":[{"name":"wp","href":"https:\/\/api.w.org\/{rel}","templated":true}]}}