{"id":5636,"date":"2026-01-03T09:20:35","date_gmt":"2026-01-03T15:20:35","guid":{"rendered":"https:\/\/trabucoradio.com\/home\/?p=5636"},"modified":"2026-01-03T09:20:35","modified_gmt":"2026-01-03T15:20:35","slug":"productores-de-pescando-vida-podrian-iniciar-a-comercializar-fuera-de-tabasco-este-ano","status":"publish","type":"post","link":"https:\/\/trabucoradio.com\/home\/?p=5636","title":{"rendered":"PRODUCTORES DE \u00abPESCANDO VIDA\u00bb PODR\u00cdAN INICIAR A COMERCIALIZAR FUERA DE TABASCO ESTE A\u00d1O"},"content":{"rendered":"<p><strong>PRODUCTORES DE \u00abPESCANDO VIDA\u00bb PODR\u00cdAN INICIAR A COMERCIALIZAR FUERA DE TABASCO ESTE A\u00d1O<\/strong><\/p>\n<p><strong>Productores del programa \u00abPescando Vida\u00bb podr\u00edan iniciar este a\u00f1o a comercializar sus mojarras y osti\u00f3n fuera del estado<\/strong>, estim\u00f3 el subsecretario de Pesca y Acuicultura Guillermo Priego Le\u00f3n.<\/p>\n<p>Coment\u00f3 que,\u00a0<strong>a partir del mes de febrero y hasta junio, varios municipios tendr\u00e1n cosecha de manera simult\u00e1nea<\/strong>\u00a0\u00abhabr\u00e1 producto en abundancia y nos va a ayudar a que podamos llegar no solamente aqu\u00ed al estado\u00bb.<\/p>\n<p>Record\u00f3 que ya hay\u00a0<strong>pl\u00e1ticas con la jefa de Gobierno de la Ciudad de M\u00e9xico Clara Brugada, para enviar producci\u00f3n que se comercialice en el popular mercado \u00abLa Nueva Viga\u00bb o a trav\u00e9s del programa \u00abDel Campo a tu Mesa\u00bb.<\/strong>\u00a0?<\/p>\n<p>El subsecretario de Pesca apunt\u00f3 que para la\u00a0<strong>Semana Santa 2026, habr\u00e1 mojarra y osti\u00f3n para el consumo de los tabasque\u00f1os\u00a0<\/strong>\u00abya no debe de pasar que estemos en plena Semana Santa y andemos viendo a ver si de Chiapas viene alguna producci\u00f3n a las pescader\u00edas\u00bb.<\/p>\n<p>Priego Le\u00f3n indic\u00f3 que las pescader\u00edas tendr\u00e1n la oportunidad de ofrecer producto tabasque\u00f1o, y tambi\u00e9n los ciudadanos podr\u00e1n adquirir directamente a los productores a la margen de los r\u00edos.<\/p>\n","protected":false},"excerpt":{"rendered":"<p>PRODUCTORES DE \u00abPESCANDO VIDA\u00bb PODR\u00cdAN INICIAR A COMERCIALIZAR FUERA DE TABASCO ESTE A\u00d1O Productores del programa \u00abPescando Vida\u00bb podr\u00edan iniciar este a\u00f1o a comercializar sus mojarras y osti\u00f3n fuera del estado, estim\u00f3 el subsecretario de Pesca y Acuicultura Guillermo Priego Le\u00f3n. Coment\u00f3 que,\u00a0a partir del mes de febrero y hasta junio, varios municipios tendr\u00e1n cosecha [&hellip;]<\/p>\n","protected":false},"author":1,"featured_media":5637,"comment_status":"open","ping_status":"open","sticky":false,"template":"","format":"standard","meta":{"footnotes":""},"categories":[4],"tags":[],"class_list":["post-5636","post","type-post","status-publish","format-standard","has-post-thumbnail","hentry","category-noticias"],"_links":{"self":[{"href":"https:\/\/trabucoradio.com\/home\/index.php?rest_route=\/wp\/v2\/posts\/5636","targetHints":{"allow":["GET"]}}],"collection":[{"href":"https:\/\/trabucoradio.com\/home\/index.php?rest_route=\/wp\/v2\/posts"}],"about":[{"href":"https:\/\/trabucoradio.com\/home\/index.php?rest_route=\/wp\/v2\/types\/post"}],"author":[{"embeddable":true,"href":"https:\/\/trabucoradio.com\/home\/index.php?rest_route=\/wp\/v2\/users\/1"}],"replies":[{"embeddable":true,"href":"https:\/\/trabucoradio.com\/home\/index.php?rest_route=%2Fwp%2Fv2%2Fcomments&post=5636"}],"version-history":[{"count":1,"href":"https:\/\/trabucoradio.com\/home\/index.php?rest_route=\/wp\/v2\/posts\/5636\/revisions"}],"predecessor-version":[{"id":5638,"href":"https:\/\/trabucoradio.com\/home\/index.php?rest_route=\/wp\/v2\/posts\/5636\/revisions\/5638"}],"wp:featuredmedia":[{"embeddable":true,"href":"https:\/\/trabucoradio.com\/home\/index.php?rest_route=\/wp\/v2\/media\/5637"}],"wp:attachment":[{"href":"https:\/\/trabucoradio.com\/home\/index.php?rest_route=%2Fwp%2Fv2%2Fmedia&parent=5636"}],"wp:term":[{"taxonomy":"category","embeddable":true,"href":"https:\/\/trabucoradio.com\/home\/index.php?rest_route=%2Fwp%2Fv2%2Fcategories&post=5636"},{"taxonomy":"post_tag","embeddable":true,"href":"https:\/\/trabucoradio.com\/home\/index.php?rest_route=%2Fwp%2Fv2%2Ftags&post=5636"}],"curies":[{"name":"wp","href":"https:\/\/api.w.org\/{rel}","templated":true}]}}