{"id":5626,"date":"2026-01-02T15:27:47","date_gmt":"2026-01-02T21:27:47","guid":{"rendered":"https:\/\/trabucoradio.com\/home\/?p=5626"},"modified":"2026-01-02T15:27:47","modified_gmt":"2026-01-02T21:27:47","slug":"hospital-de-cardenas-registra-90-de-avance-mantiene-fecha-de-apertura-en-marzo-de-2026","status":"publish","type":"post","link":"https:\/\/trabucoradio.com\/home\/?p=5626","title":{"rendered":"HOSPITAL DE C\u00c1RDENAS REGISTRA 90% DE AVANCE; MANTIENE FECHA DE APERTURA EN MARZO DE 2026"},"content":{"rendered":"<p><strong>HOSPITAL DE C\u00c1RDENAS REGISTRA 90% DE AVANCE; MANTIENE FECHA DE APERTURA EN MARZO DE 2026<\/strong><\/p>\n<p><strong>El Hospital de C\u00e1rdenas presenta un avance del 90 por ciento en su construcci\u00f3n<\/strong>\u00a0y mantiene como fecha tentativa de apertura el mes de marzo de 2026, dio a conocer el secretario de Ordenamiento Territorial y Obras P\u00fablicas (SOTOP), Daniel Casas\u00fas Ruz.<\/p>\n<p>El funcionario record\u00f3 que recientemente la presidenta de la Rep\u00fablica, junto con el gobernador del estado, Javier May Rodr\u00edguez realiz\u00f3 una supervisi\u00f3n de la obra, confirmando que\u00a0<strong>el nosocomio estar\u00e1 completamente equipado para el mes de marzo como se ten\u00eda previsto.<\/strong>\u00a0Precis\u00f3 que la parte m\u00e1s importante de la construcci\u00f3n y obra civil se encuentra pr\u00e1cticamente concluida.<\/p>\n<p>Casas\u00fas Ruz explic\u00f3 que los trabajos pendientes corresponden principalmente a adecuaciones en las v\u00edas mec\u00e1nicas, como la instalaci\u00f3n de equipos especiales, sistemas de aire acondicionado y elevadores.\u00a0<strong>\u201cLa parte gruesa de la construcci\u00f3n ya est\u00e1 pr\u00e1cticamente de salida\u201d, afirm\u00f3.<\/strong><\/p>\n<p>Indic\u00f3 que, aunque<strong>\u00a0algunos equipos m\u00e9dicos ya se encuentran en bodega dentro del hospital<\/strong>, a\u00fan faltan otros por arribar; no obstante,\u00a0<strong>se prev\u00e9 que para marzo el inmueble est\u00e9 en condiciones de entrar en operaci\u00f3n.\u00a0<\/strong><\/p>\n","protected":false},"excerpt":{"rendered":"<p>HOSPITAL DE C\u00c1RDENAS REGISTRA 90% DE AVANCE; MANTIENE FECHA DE APERTURA EN MARZO DE 2026 El Hospital de C\u00e1rdenas presenta un avance del 90 por ciento en su construcci\u00f3n\u00a0y mantiene como fecha tentativa de apertura el mes de marzo de 2026, dio a conocer el secretario de Ordenamiento Territorial y Obras P\u00fablicas (SOTOP), Daniel Casas\u00fas [&hellip;]<\/p>\n","protected":false},"author":1,"featured_media":5627,"comment_status":"open","ping_status":"open","sticky":false,"template":"","format":"standard","meta":{"footnotes":""},"categories":[4],"tags":[],"class_list":["post-5626","post","type-post","status-publish","format-standard","has-post-thumbnail","hentry","category-noticias"],"_links":{"self":[{"href":"https:\/\/trabucoradio.com\/home\/index.php?rest_route=\/wp\/v2\/posts\/5626","targetHints":{"allow":["GET"]}}],"collection":[{"href":"https:\/\/trabucoradio.com\/home\/index.php?rest_route=\/wp\/v2\/posts"}],"about":[{"href":"https:\/\/trabucoradio.com\/home\/index.php?rest_route=\/wp\/v2\/types\/post"}],"author":[{"embeddable":true,"href":"https:\/\/trabucoradio.com\/home\/index.php?rest_route=\/wp\/v2\/users\/1"}],"replies":[{"embeddable":true,"href":"https:\/\/trabucoradio.com\/home\/index.php?rest_route=%2Fwp%2Fv2%2Fcomments&post=5626"}],"version-history":[{"count":1,"href":"https:\/\/trabucoradio.com\/home\/index.php?rest_route=\/wp\/v2\/posts\/5626\/revisions"}],"predecessor-version":[{"id":5628,"href":"https:\/\/trabucoradio.com\/home\/index.php?rest_route=\/wp\/v2\/posts\/5626\/revisions\/5628"}],"wp:featuredmedia":[{"embeddable":true,"href":"https:\/\/trabucoradio.com\/home\/index.php?rest_route=\/wp\/v2\/media\/5627"}],"wp:attachment":[{"href":"https:\/\/trabucoradio.com\/home\/index.php?rest_route=%2Fwp%2Fv2%2Fmedia&parent=5626"}],"wp:term":[{"taxonomy":"category","embeddable":true,"href":"https:\/\/trabucoradio.com\/home\/index.php?rest_route=%2Fwp%2Fv2%2Fcategories&post=5626"},{"taxonomy":"post_tag","embeddable":true,"href":"https:\/\/trabucoradio.com\/home\/index.php?rest_route=%2Fwp%2Fv2%2Ftags&post=5626"}],"curies":[{"name":"wp","href":"https:\/\/api.w.org\/{rel}","templated":true}]}}