{"id":5623,"date":"2026-01-02T15:24:30","date_gmt":"2026-01-02T21:24:30","guid":{"rendered":"https:\/\/trabucoradio.com\/home\/?p=5623"},"modified":"2026-01-02T15:24:30","modified_gmt":"2026-01-02T21:24:30","slug":"designan-a-victor-hugo-borja-como-nuevo-titular-de-la-cofepris-anuncia-sheinbaum","status":"publish","type":"post","link":"https:\/\/trabucoradio.com\/home\/?p=5623","title":{"rendered":"DESIGNAN A V\u00cdCTOR HUGO BORJA COMO NUEVO TITULAR DE LA COFEPRIS, ANUNCIA SHEINBAUM"},"content":{"rendered":"<p><strong>DESIGNAN A V\u00cdCTOR HUGO BORJA COMO NUEVO TITULAR DE LA COFEPRIS, ANUNCIA SHEINBAUM<\/strong><\/p>\n<p>V\u00edctor\u00a0<strong>Hugo Borja Aburto<\/strong>\u00a0fue designado como nuevo titular de\u00a0<strong>la Comisi\u00f3n Federal para la Protecci\u00f3n contra Riesgos Sanitarios<\/strong>\u00a0(Cofepris), cargo que ocupaba Armida Z\u00fa\u00f1iga Estrada, anunci\u00f3 este viernes la presidenta\u00a0<strong>Claudia Sheinbaum<\/strong>.<\/p>\n<p>Explic\u00f3 que fue una decisi\u00f3n tomada por el secretario de Salud,\u00a0<strong>David Kershenobich<\/strong>, como parte de los ajustes en el sector. Refiri\u00f3 que la Cofrepris es una instituci\u00f3n \u00abmuy importante\u00bb, debido a toma decisiones relacionadas con\u00a0<strong>salud<\/strong>, nuevos medicamentos y alimentos. Por ello, se\u00f1ala Sheinbaum, la comisi\u00f3n debe ser eficiente para que pueda dar los resultados de una revisi\u00f3n con tiempo, principalmente de\u00a0<strong>medicamentos<\/strong>.<\/p>\n<p>Borja Aburto fue titular de la Unidad de Educaci\u00f3n e Investigaci\u00f3n, adscrita a la Direcci\u00f3n de Prestaciones M\u00e9dicas del\u00a0<strong>IMSS<\/strong>. Tambi\u00e9n se desempe\u00f1\u00f3 como titular de las Coordinaciones de Salud en el Trabajo, de Vigilancia Epidemiol\u00f3gica, de Apoyo en Contingencias; de la Unidad de Salud P\u00fablica; de Atenci\u00f3n Primaria a la Salud y de la Direcci\u00f3n de Prestaciones M\u00e9dicas.<\/p>\n<p>&nbsp;<\/p>\n","protected":false},"excerpt":{"rendered":"<p>DESIGNAN A V\u00cdCTOR HUGO BORJA COMO NUEVO TITULAR DE LA COFEPRIS, ANUNCIA SHEINBAUM V\u00edctor\u00a0Hugo Borja Aburto\u00a0fue designado como nuevo titular de\u00a0la Comisi\u00f3n Federal para la Protecci\u00f3n contra Riesgos Sanitarios\u00a0(Cofepris), cargo que ocupaba Armida Z\u00fa\u00f1iga Estrada, anunci\u00f3 este viernes la presidenta\u00a0Claudia Sheinbaum. Explic\u00f3 que fue una decisi\u00f3n tomada por el secretario de Salud,\u00a0David Kershenobich, como parte [&hellip;]<\/p>\n","protected":false},"author":1,"featured_media":5624,"comment_status":"open","ping_status":"open","sticky":false,"template":"","format":"standard","meta":{"footnotes":""},"categories":[4,3],"tags":[],"class_list":["post-5623","post","type-post","status-publish","format-standard","has-post-thumbnail","hentry","category-noticias","category-politica"],"_links":{"self":[{"href":"https:\/\/trabucoradio.com\/home\/index.php?rest_route=\/wp\/v2\/posts\/5623","targetHints":{"allow":["GET"]}}],"collection":[{"href":"https:\/\/trabucoradio.com\/home\/index.php?rest_route=\/wp\/v2\/posts"}],"about":[{"href":"https:\/\/trabucoradio.com\/home\/index.php?rest_route=\/wp\/v2\/types\/post"}],"author":[{"embeddable":true,"href":"https:\/\/trabucoradio.com\/home\/index.php?rest_route=\/wp\/v2\/users\/1"}],"replies":[{"embeddable":true,"href":"https:\/\/trabucoradio.com\/home\/index.php?rest_route=%2Fwp%2Fv2%2Fcomments&post=5623"}],"version-history":[{"count":1,"href":"https:\/\/trabucoradio.com\/home\/index.php?rest_route=\/wp\/v2\/posts\/5623\/revisions"}],"predecessor-version":[{"id":5625,"href":"https:\/\/trabucoradio.com\/home\/index.php?rest_route=\/wp\/v2\/posts\/5623\/revisions\/5625"}],"wp:featuredmedia":[{"embeddable":true,"href":"https:\/\/trabucoradio.com\/home\/index.php?rest_route=\/wp\/v2\/media\/5624"}],"wp:attachment":[{"href":"https:\/\/trabucoradio.com\/home\/index.php?rest_route=%2Fwp%2Fv2%2Fmedia&parent=5623"}],"wp:term":[{"taxonomy":"category","embeddable":true,"href":"https:\/\/trabucoradio.com\/home\/index.php?rest_route=%2Fwp%2Fv2%2Fcategories&post=5623"},{"taxonomy":"post_tag","embeddable":true,"href":"https:\/\/trabucoradio.com\/home\/index.php?rest_route=%2Fwp%2Fv2%2Ftags&post=5623"}],"curies":[{"name":"wp","href":"https:\/\/api.w.org\/{rel}","templated":true}]}}