{"id":5620,"date":"2026-01-02T15:22:45","date_gmt":"2026-01-02T21:22:45","guid":{"rendered":"https:\/\/trabucoradio.com\/home\/?p=5620"},"modified":"2026-01-02T15:22:45","modified_gmt":"2026-01-02T21:22:45","slug":"suben-a-119-los-heridos-por-incendio-en-un-bar-de-suiza","status":"publish","type":"post","link":"https:\/\/trabucoradio.com\/home\/?p=5620","title":{"rendered":"SUBEN A 119 LOS HERIDOS POR INCENDIO EN UN BAR DE SUIZA"},"content":{"rendered":"<p><strong>SUBEN A 119 LOS HERIDOS POR INCENDIO EN UN BAR DE SUIZA<\/strong><\/p>\n<p>La cifra de heridos por el\u00a0<strong>incendio en un bar<\/strong>\u00a0de la estaci\u00f3n de esqu\u00ed de\u00a0<strong>Crans Montana<\/strong>, en los\u00a0<strong>Alpes suizos<\/strong>, aument\u00f3 a 119, confirm\u00f3 la polic\u00eda de Suiza.<\/p>\n<p>Las autoridades a\u00fan no han informado sobre la identidad de los\u00a0<strong>40 fallecidos<\/strong>\u00a0(la mayor\u00eda j\u00f3venes) que dej\u00f3 esta tragedia, aunque el Gobierno de\u00a0<strong>Italia<\/strong>\u00a0ha se\u00f1alado que la primera identificada a trav\u00e9s del ADN es un adolescente de 16 a\u00f1os de este pa\u00eds.<\/p>\n<p>Medio centenar de los heridos que han sufrido\u00a0<strong>quemaduras<\/strong>\u00a0muy graves -y en algunos casos en m\u00e1s de la mitad del cuerpo- han empezado a ser transferidos o lo ser\u00e1n en las pr\u00f3ximas horas a pa\u00edses vecinos que han ofrecido su ayuda para que reciban los tratamientos altamente especializados que requieren, ya que el n\u00famero de pacientes excede la capacidad de Suiza en este \u00e1mbito.<\/p>\n<p>Se sabe que la causa m\u00e1s probable del incendio en el bar &#8216;Le Constellation&#8217; fueron bengalas encendidas y colocadas en botellas de champ\u00e1n.<\/p>\n<p>&nbsp;<\/p>\n","protected":false},"excerpt":{"rendered":"<p>SUBEN A 119 LOS HERIDOS POR INCENDIO EN UN BAR DE SUIZA La cifra de heridos por el\u00a0incendio en un bar\u00a0de la estaci\u00f3n de esqu\u00ed de\u00a0Crans Montana, en los\u00a0Alpes suizos, aument\u00f3 a 119, confirm\u00f3 la polic\u00eda de Suiza. Las autoridades a\u00fan no han informado sobre la identidad de los\u00a040 fallecidos\u00a0(la mayor\u00eda j\u00f3venes) que dej\u00f3 esta [&hellip;]<\/p>\n","protected":false},"author":1,"featured_media":5621,"comment_status":"open","ping_status":"open","sticky":false,"template":"","format":"standard","meta":{"footnotes":""},"categories":[4],"tags":[],"class_list":["post-5620","post","type-post","status-publish","format-standard","has-post-thumbnail","hentry","category-noticias"],"_links":{"self":[{"href":"https:\/\/trabucoradio.com\/home\/index.php?rest_route=\/wp\/v2\/posts\/5620","targetHints":{"allow":["GET"]}}],"collection":[{"href":"https:\/\/trabucoradio.com\/home\/index.php?rest_route=\/wp\/v2\/posts"}],"about":[{"href":"https:\/\/trabucoradio.com\/home\/index.php?rest_route=\/wp\/v2\/types\/post"}],"author":[{"embeddable":true,"href":"https:\/\/trabucoradio.com\/home\/index.php?rest_route=\/wp\/v2\/users\/1"}],"replies":[{"embeddable":true,"href":"https:\/\/trabucoradio.com\/home\/index.php?rest_route=%2Fwp%2Fv2%2Fcomments&post=5620"}],"version-history":[{"count":1,"href":"https:\/\/trabucoradio.com\/home\/index.php?rest_route=\/wp\/v2\/posts\/5620\/revisions"}],"predecessor-version":[{"id":5622,"href":"https:\/\/trabucoradio.com\/home\/index.php?rest_route=\/wp\/v2\/posts\/5620\/revisions\/5622"}],"wp:featuredmedia":[{"embeddable":true,"href":"https:\/\/trabucoradio.com\/home\/index.php?rest_route=\/wp\/v2\/media\/5621"}],"wp:attachment":[{"href":"https:\/\/trabucoradio.com\/home\/index.php?rest_route=%2Fwp%2Fv2%2Fmedia&parent=5620"}],"wp:term":[{"taxonomy":"category","embeddable":true,"href":"https:\/\/trabucoradio.com\/home\/index.php?rest_route=%2Fwp%2Fv2%2Fcategories&post=5620"},{"taxonomy":"post_tag","embeddable":true,"href":"https:\/\/trabucoradio.com\/home\/index.php?rest_route=%2Fwp%2Fv2%2Ftags&post=5620"}],"curies":[{"name":"wp","href":"https:\/\/api.w.org\/{rel}","templated":true}]}}