{"id":5611,"date":"2026-01-02T15:13:03","date_gmt":"2026-01-02T21:13:03","guid":{"rendered":"https:\/\/trabucoradio.com\/home\/?p=5611"},"modified":"2026-01-02T15:13:03","modified_gmt":"2026-01-02T21:13:03","slug":"saldo-positivo-por-ventas-de-fin-de-ano-reporta-canaco","status":"publish","type":"post","link":"https:\/\/trabucoradio.com\/home\/?p=5611","title":{"rendered":"SALDO POSITIVO POR VENTAS DE FIN DE A\u00d1O, REPORTA CANACO"},"content":{"rendered":"<p>La presidenta de la C\u00e1mara Nacional de Comercio, Servicios y Turismo (<strong>Canaco<\/strong>\u00a0<strong>Servytur<\/strong>) Villahermosa, Leidi Susana Le\u00f3n S\u00e1nchez, se\u00f1al\u00f3 que, aunque el 2025 no cerr\u00f3 con resultados de \u201cexcelencia\u201d, los indicadores finales para el comercio establecido fueron positivos.<\/p>\n<p>La dirigente del\u00a0<strong>comercio<\/strong>\u00a0<strong>establecido<\/strong>\u00a0explic\u00f3 que, de acuerdo con los datos recabados entre los comerciantes, el cierre de a\u00f1o fue bueno para la mayor\u00eda de los giros, aun cuando el sector ven\u00eda arrastrando un proceso de recuperaci\u00f3n tras la crisis econ\u00f3mica.<\/p>\n<p>Indic\u00f3 que el desempe\u00f1o de la\u00a0<strong>temporada<\/strong>\u00a0<strong>decembrina<\/strong>\u00a0fue clave para medir las ventas y las ganancias, aunque todav\u00eda no se cuenta con una corrida financiera general debido a la diversidad de actividades comerciales.<\/p>\n<p><strong>Le\u00f3n<\/strong>\u00a0<strong>S\u00e1nchez<\/strong>\u00a0precis\u00f3 que, si bien a mediados de 2025 se report\u00f3 el cierre de 330 empresas, esta cifra no se increment\u00f3 hacia el final del a\u00f1o, lo que consider\u00f3 un indicador de estabilidad para el sector.<\/p>\n<p>A\u00f1adi\u00f3 que algunos\u00a0<strong>negocios<\/strong>\u00a0cerraron de manera temporal y reabrieron durante la temporada alta.<\/p>\n","protected":false},"excerpt":{"rendered":"<p>La presidenta de la C\u00e1mara Nacional de Comercio, Servicios y Turismo (Canaco\u00a0Servytur) Villahermosa, Leidi Susana Le\u00f3n S\u00e1nchez, se\u00f1al\u00f3 que, aunque el 2025 no cerr\u00f3 con resultados de \u201cexcelencia\u201d, los indicadores finales para el comercio establecido fueron positivos. La dirigente del\u00a0comercio\u00a0establecido\u00a0explic\u00f3 que, de acuerdo con los datos recabados entre los comerciantes, el cierre de a\u00f1o fue [&hellip;]<\/p>\n","protected":false},"author":1,"featured_media":5612,"comment_status":"open","ping_status":"open","sticky":false,"template":"","format":"standard","meta":{"footnotes":""},"categories":[4],"tags":[],"class_list":["post-5611","post","type-post","status-publish","format-standard","has-post-thumbnail","hentry","category-noticias"],"_links":{"self":[{"href":"https:\/\/trabucoradio.com\/home\/index.php?rest_route=\/wp\/v2\/posts\/5611","targetHints":{"allow":["GET"]}}],"collection":[{"href":"https:\/\/trabucoradio.com\/home\/index.php?rest_route=\/wp\/v2\/posts"}],"about":[{"href":"https:\/\/trabucoradio.com\/home\/index.php?rest_route=\/wp\/v2\/types\/post"}],"author":[{"embeddable":true,"href":"https:\/\/trabucoradio.com\/home\/index.php?rest_route=\/wp\/v2\/users\/1"}],"replies":[{"embeddable":true,"href":"https:\/\/trabucoradio.com\/home\/index.php?rest_route=%2Fwp%2Fv2%2Fcomments&post=5611"}],"version-history":[{"count":1,"href":"https:\/\/trabucoradio.com\/home\/index.php?rest_route=\/wp\/v2\/posts\/5611\/revisions"}],"predecessor-version":[{"id":5613,"href":"https:\/\/trabucoradio.com\/home\/index.php?rest_route=\/wp\/v2\/posts\/5611\/revisions\/5613"}],"wp:featuredmedia":[{"embeddable":true,"href":"https:\/\/trabucoradio.com\/home\/index.php?rest_route=\/wp\/v2\/media\/5612"}],"wp:attachment":[{"href":"https:\/\/trabucoradio.com\/home\/index.php?rest_route=%2Fwp%2Fv2%2Fmedia&parent=5611"}],"wp:term":[{"taxonomy":"category","embeddable":true,"href":"https:\/\/trabucoradio.com\/home\/index.php?rest_route=%2Fwp%2Fv2%2Fcategories&post=5611"},{"taxonomy":"post_tag","embeddable":true,"href":"https:\/\/trabucoradio.com\/home\/index.php?rest_route=%2Fwp%2Fv2%2Ftags&post=5611"}],"curies":[{"name":"wp","href":"https:\/\/api.w.org\/{rel}","templated":true}]}}