{"id":5606,"date":"2025-12-18T09:39:21","date_gmt":"2025-12-18T15:39:21","guid":{"rendered":"https:\/\/trabucoradio.com\/home\/?p=5606"},"modified":"2025-12-18T09:39:21","modified_gmt":"2025-12-18T15:39:21","slug":"mexico-anuncia-inversiones-publicas-y-privadas-de-12-mil-mdd-en-energia-electrica","status":"publish","type":"post","link":"https:\/\/trabucoradio.com\/home\/?p=5606","title":{"rendered":"M\u00c9XICO ANUNCIA INVERSIONES P\u00daBLICAS Y PRIVADAS DE 12 MIL MDD EN ENERG\u00cdA EL\u00c9CTRICA"},"content":{"rendered":"<p><strong>M\u00c9XICO ANUNCIA INVERSIONES P\u00daBLICAS Y PRIVADAS DE 12 MIL MDD EN ENERG\u00cdA EL\u00c9CTRICA<\/strong><\/p>\n<p>&nbsp;<\/p>\n<p>El Gobierno de\u00a0<strong>M\u00e9xico<\/strong>\u00a0anunci\u00f3 este mi\u00e9rcoles un paquete de\u00a0<strong>inversiones p\u00fablicas y privadas<\/strong>\u00a0para el\u00a0<strong>sector energ\u00e9tico<\/strong>\u00a0que iniciar\u00e1n en 2026 y que superan los 12 mil millones de d\u00f3lares, centrado en nueva capacidad de generaci\u00f3n el\u00e9ctrica \u2014con \u00e9nfasis en renovables\u2014 y en el fortalecimiento de redes de transmisi\u00f3n y distribuci\u00f3n.<\/p>\n<p>La presidenta\u00a0<strong>Claudia Sheinbaum<\/strong>\u00a0sostuvo que el desarrollo industrial y productivo del pa\u00eds requiere asegurar el\u00a0<strong>abasto el\u00e9ctrico<\/strong>\u00a0y la modernizaci\u00f3n del sistema, al se\u00f1alar que \u00abse necesita energ\u00eda\u201d.<\/p>\n<p>Dentro del nuevo marco legal, que establece que la\u00a0<strong>Comisi\u00f3n Federal de Electricidad<\/strong>\u00a0(CFE) debe garantizar al menos el 54 % de la generaci\u00f3n, el Gobierno mexicano inform\u00f3 que la empresa estatal construir\u00e1 centrales de ciclo combinado y proyectos solares.<\/p>\n<p>Sheinbaum explic\u00f3 que CFE invertir\u00e1 en cuatro plantas de ciclo combinado que usar\u00e1n gas natural: Tula (Hidalgo), Salamanca (Guanajuato), Altamira (Tamaulipas) y Mazatl\u00e1n (Sinaloa,), con una capacidad conjunta cercana a 1.500 megavatios (MW), adem\u00e1s de una central de combusti\u00f3n interna en Los Cabos (Baja California Sur).<\/p>\n","protected":false},"excerpt":{"rendered":"<p>M\u00c9XICO ANUNCIA INVERSIONES P\u00daBLICAS Y PRIVADAS DE 12 MIL MDD EN ENERG\u00cdA EL\u00c9CTRICA &nbsp; El Gobierno de\u00a0M\u00e9xico\u00a0anunci\u00f3 este mi\u00e9rcoles un paquete de\u00a0inversiones p\u00fablicas y privadas\u00a0para el\u00a0sector energ\u00e9tico\u00a0que iniciar\u00e1n en 2026 y que superan los 12 mil millones de d\u00f3lares, centrado en nueva capacidad de generaci\u00f3n el\u00e9ctrica \u2014con \u00e9nfasis en renovables\u2014 y en el fortalecimiento de [&hellip;]<\/p>\n","protected":false},"author":1,"featured_media":5607,"comment_status":"open","ping_status":"open","sticky":false,"template":"","format":"standard","meta":{"footnotes":""},"categories":[4],"tags":[],"class_list":["post-5606","post","type-post","status-publish","format-standard","has-post-thumbnail","hentry","category-noticias"],"_links":{"self":[{"href":"https:\/\/trabucoradio.com\/home\/index.php?rest_route=\/wp\/v2\/posts\/5606","targetHints":{"allow":["GET"]}}],"collection":[{"href":"https:\/\/trabucoradio.com\/home\/index.php?rest_route=\/wp\/v2\/posts"}],"about":[{"href":"https:\/\/trabucoradio.com\/home\/index.php?rest_route=\/wp\/v2\/types\/post"}],"author":[{"embeddable":true,"href":"https:\/\/trabucoradio.com\/home\/index.php?rest_route=\/wp\/v2\/users\/1"}],"replies":[{"embeddable":true,"href":"https:\/\/trabucoradio.com\/home\/index.php?rest_route=%2Fwp%2Fv2%2Fcomments&post=5606"}],"version-history":[{"count":1,"href":"https:\/\/trabucoradio.com\/home\/index.php?rest_route=\/wp\/v2\/posts\/5606\/revisions"}],"predecessor-version":[{"id":5608,"href":"https:\/\/trabucoradio.com\/home\/index.php?rest_route=\/wp\/v2\/posts\/5606\/revisions\/5608"}],"wp:featuredmedia":[{"embeddable":true,"href":"https:\/\/trabucoradio.com\/home\/index.php?rest_route=\/wp\/v2\/media\/5607"}],"wp:attachment":[{"href":"https:\/\/trabucoradio.com\/home\/index.php?rest_route=%2Fwp%2Fv2%2Fmedia&parent=5606"}],"wp:term":[{"taxonomy":"category","embeddable":true,"href":"https:\/\/trabucoradio.com\/home\/index.php?rest_route=%2Fwp%2Fv2%2Fcategories&post=5606"},{"taxonomy":"post_tag","embeddable":true,"href":"https:\/\/trabucoradio.com\/home\/index.php?rest_route=%2Fwp%2Fv2%2Ftags&post=5606"}],"curies":[{"name":"wp","href":"https:\/\/api.w.org\/{rel}","templated":true}]}}