{"id":5603,"date":"2025-12-18T09:35:46","date_gmt":"2025-12-18T15:35:46","guid":{"rendered":"https:\/\/trabucoradio.com\/home\/?p=5603"},"modified":"2025-12-18T09:35:46","modified_gmt":"2025-12-18T15:35:46","slug":"mas-de-145-mil-mexicanos-han-sido-repatriados-de-ee-uu-en-2025-reporta-segob","status":"publish","type":"post","link":"https:\/\/trabucoradio.com\/home\/?p=5603","title":{"rendered":"M\u00c1S DE 145 MIL MEXICANOS HAN SIDO REPATRIADOS DE EE.UU. EN 2025, REPORTA SEGOB"},"content":{"rendered":"<p><strong>M\u00c1S DE 145 MIL MEXICANOS HAN SIDO REPATRIADOS DE EE.UU. EN 2025, REPORTA SEGOB<\/strong><\/p>\n<p>&nbsp;<\/p>\n<p>En el marco del\u00a0<strong>D\u00eda Internacional del Migrante<\/strong>, la secretaria de Gobernaci\u00f3n, Rosa Icela Rodr\u00edguez, present\u00f3 esta ma\u00f1ana un informe sobre los resultados del programa<strong>\u00a0\u201cM\u00e9xico te Abraza\u201d, estrategia nacional de repatriaci\u00f3n<\/strong>\u00a0que busca garantizar alojamiento, alimentaci\u00f3n y traslado a los estados de origen de las y los mexicanos que regresan desde Estados Unidos.<\/p>\n<p>En total, el programa ha brindado m\u00e1s de\u00a0<strong>846 mil servicios de atenci\u00f3n<\/strong>\u00a0hasta el 17 de diciembre.<\/p>\n<p>En este sentido, la titular de Gobernaci\u00f3n se\u00f1al\u00f3 que del 20 de enero y hasta el 17 de diciembre\u00a0<strong>145 mil 537 mexicanas y mexicanos fueron repatriados desde Estados Unidos<\/strong>, 116 mil 156 de ellos retornaron v\u00eda terrestre y 29 mil 381 lo hicieron v\u00eda a\u00e9rea.<\/p>\n<p>Adem\u00e1s,\u00a0<strong>octubre fue el mes con el mayor n\u00famero de repatriaciones<\/strong>, mientras que febrero y agosto registraron las cifras m\u00e1s bajas.<\/p>\n<p>A partir del 1 de noviembre, los vuelos de repatriaci\u00f3n atendieron en promedio mil 800 personas por d\u00eda.<\/p>\n<p>Rosa Icela Rodr\u00edguez inform\u00f3 que se cuenta con nueve centros de atenci\u00f3n en siete entidades, ubicados en cruces fronterizos y aeropuertos, donde se ofrece apoyo institucional.<\/p>\n","protected":false},"excerpt":{"rendered":"<p>M\u00c1S DE 145 MIL MEXICANOS HAN SIDO REPATRIADOS DE EE.UU. EN 2025, REPORTA SEGOB &nbsp; En el marco del\u00a0D\u00eda Internacional del Migrante, la secretaria de Gobernaci\u00f3n, Rosa Icela Rodr\u00edguez, present\u00f3 esta ma\u00f1ana un informe sobre los resultados del programa\u00a0\u201cM\u00e9xico te Abraza\u201d, estrategia nacional de repatriaci\u00f3n\u00a0que busca garantizar alojamiento, alimentaci\u00f3n y traslado a los estados de [&hellip;]<\/p>\n","protected":false},"author":1,"featured_media":5604,"comment_status":"open","ping_status":"open","sticky":false,"template":"","format":"standard","meta":{"footnotes":""},"categories":[4],"tags":[],"class_list":["post-5603","post","type-post","status-publish","format-standard","has-post-thumbnail","hentry","category-noticias"],"_links":{"self":[{"href":"https:\/\/trabucoradio.com\/home\/index.php?rest_route=\/wp\/v2\/posts\/5603","targetHints":{"allow":["GET"]}}],"collection":[{"href":"https:\/\/trabucoradio.com\/home\/index.php?rest_route=\/wp\/v2\/posts"}],"about":[{"href":"https:\/\/trabucoradio.com\/home\/index.php?rest_route=\/wp\/v2\/types\/post"}],"author":[{"embeddable":true,"href":"https:\/\/trabucoradio.com\/home\/index.php?rest_route=\/wp\/v2\/users\/1"}],"replies":[{"embeddable":true,"href":"https:\/\/trabucoradio.com\/home\/index.php?rest_route=%2Fwp%2Fv2%2Fcomments&post=5603"}],"version-history":[{"count":1,"href":"https:\/\/trabucoradio.com\/home\/index.php?rest_route=\/wp\/v2\/posts\/5603\/revisions"}],"predecessor-version":[{"id":5605,"href":"https:\/\/trabucoradio.com\/home\/index.php?rest_route=\/wp\/v2\/posts\/5603\/revisions\/5605"}],"wp:featuredmedia":[{"embeddable":true,"href":"https:\/\/trabucoradio.com\/home\/index.php?rest_route=\/wp\/v2\/media\/5604"}],"wp:attachment":[{"href":"https:\/\/trabucoradio.com\/home\/index.php?rest_route=%2Fwp%2Fv2%2Fmedia&parent=5603"}],"wp:term":[{"taxonomy":"category","embeddable":true,"href":"https:\/\/trabucoradio.com\/home\/index.php?rest_route=%2Fwp%2Fv2%2Fcategories&post=5603"},{"taxonomy":"post_tag","embeddable":true,"href":"https:\/\/trabucoradio.com\/home\/index.php?rest_route=%2Fwp%2Fv2%2Ftags&post=5603"}],"curies":[{"name":"wp","href":"https:\/\/api.w.org\/{rel}","templated":true}]}}