{"id":5600,"date":"2025-12-15T15:54:50","date_gmt":"2025-12-15T21:54:50","guid":{"rendered":"https:\/\/trabucoradio.com\/home\/?p=5600"},"modified":"2025-12-15T15:54:50","modified_gmt":"2025-12-15T21:54:50","slug":"papa-leon-xiv-acepta-visitar-mexico-aunque-fecha-esta-por-definirse","status":"publish","type":"post","link":"https:\/\/trabucoradio.com\/home\/?p=5600","title":{"rendered":"PAPA LE\u00d3N XIV ACEPTA VISITAR M\u00c9XICO, AUNQUE FECHA EST\u00c1 POR DEFINIRSE"},"content":{"rendered":"<p><strong>PAPA LE\u00d3N XIV ACEPTA VISITAR M\u00c9XICO, AUNQUE FECHA EST\u00c1 POR DEFINIRSE<\/strong><\/p>\n<p>La presidenta de M\u00e9xico,\u00a0<strong>Claudia Sheinbaum, confirm\u00f3 este lunes el inter\u00e9s del papa Le\u00f3n XIV en visitar el pa\u00eds<\/strong>, aunque a\u00fan no se ha definido una fecha, as\u00ed como su disposici\u00f3n para fortalecer los programas conjuntos orientados a la pacificaci\u00f3n y la disminuci\u00f3n de la violencia en distintas regiones del territorio mexicano.<\/p>\n<p>Durante su conferencia matutina, Sheinbaum explic\u00f3 que la reciente conversaci\u00f3n con Le\u00f3n XIV se realiz\u00f3 a solicitud del Gobierno mexicano a trav\u00e9s del nuncio apost\u00f3lico en el pa\u00eds norteamericano y que el Papa acept\u00f3 la llamada de manera inmediata.<\/p>\n<p>La mandataria calific\u00f3 el\u00a0<strong>di\u00e1logo como \u201cmuy amable\u201d, \u201cc\u00e1lido\u201d, \u201ccordial\u201d y \u201csensible\u201d<\/strong>, y subray\u00f3 que el pont\u00edfice envi\u00f3 saludos al pueblo de M\u00e9xico.<\/p>\n<p>\u201c<strong>Todav\u00eda no hay fecha para que venga, pero s\u00ed tiene mucho inter\u00e9s en venir<\/strong>\u00a0y en fortalecer los programas que tenemos con la Iglesia Cat\u00f3lica, como \u2018S\u00ed al desarme, s\u00ed a la paz\u2019\u201d, se\u00f1al\u00f3 la presidenta al referirse a las iniciativas que buscan reducir la violencia mediante la participaci\u00f3n social y comunitaria.<\/p>\n<p>Sheinbaum detall\u00f3 que durante la conversaci\u00f3n expuso al papa la importancia de estos programas para el pa\u00eds y la necesidad de sumar esfuerzos con distintos actores sociales y religiosos.<\/p>\n","protected":false},"excerpt":{"rendered":"<p>PAPA LE\u00d3N XIV ACEPTA VISITAR M\u00c9XICO, AUNQUE FECHA EST\u00c1 POR DEFINIRSE La presidenta de M\u00e9xico,\u00a0Claudia Sheinbaum, confirm\u00f3 este lunes el inter\u00e9s del papa Le\u00f3n XIV en visitar el pa\u00eds, aunque a\u00fan no se ha definido una fecha, as\u00ed como su disposici\u00f3n para fortalecer los programas conjuntos orientados a la pacificaci\u00f3n y la disminuci\u00f3n de la [&hellip;]<\/p>\n","protected":false},"author":1,"featured_media":5601,"comment_status":"open","ping_status":"open","sticky":false,"template":"","format":"standard","meta":{"footnotes":""},"categories":[4,3],"tags":[],"class_list":["post-5600","post","type-post","status-publish","format-standard","has-post-thumbnail","hentry","category-noticias","category-politica"],"_links":{"self":[{"href":"https:\/\/trabucoradio.com\/home\/index.php?rest_route=\/wp\/v2\/posts\/5600","targetHints":{"allow":["GET"]}}],"collection":[{"href":"https:\/\/trabucoradio.com\/home\/index.php?rest_route=\/wp\/v2\/posts"}],"about":[{"href":"https:\/\/trabucoradio.com\/home\/index.php?rest_route=\/wp\/v2\/types\/post"}],"author":[{"embeddable":true,"href":"https:\/\/trabucoradio.com\/home\/index.php?rest_route=\/wp\/v2\/users\/1"}],"replies":[{"embeddable":true,"href":"https:\/\/trabucoradio.com\/home\/index.php?rest_route=%2Fwp%2Fv2%2Fcomments&post=5600"}],"version-history":[{"count":1,"href":"https:\/\/trabucoradio.com\/home\/index.php?rest_route=\/wp\/v2\/posts\/5600\/revisions"}],"predecessor-version":[{"id":5602,"href":"https:\/\/trabucoradio.com\/home\/index.php?rest_route=\/wp\/v2\/posts\/5600\/revisions\/5602"}],"wp:featuredmedia":[{"embeddable":true,"href":"https:\/\/trabucoradio.com\/home\/index.php?rest_route=\/wp\/v2\/media\/5601"}],"wp:attachment":[{"href":"https:\/\/trabucoradio.com\/home\/index.php?rest_route=%2Fwp%2Fv2%2Fmedia&parent=5600"}],"wp:term":[{"taxonomy":"category","embeddable":true,"href":"https:\/\/trabucoradio.com\/home\/index.php?rest_route=%2Fwp%2Fv2%2Fcategories&post=5600"},{"taxonomy":"post_tag","embeddable":true,"href":"https:\/\/trabucoradio.com\/home\/index.php?rest_route=%2Fwp%2Fv2%2Ftags&post=5600"}],"curies":[{"name":"wp","href":"https:\/\/api.w.org\/{rel}","templated":true}]}}