{"id":5597,"date":"2025-12-15T15:49:49","date_gmt":"2025-12-15T21:49:49","guid":{"rendered":"https:\/\/trabucoradio.com\/home\/?p=5597"},"modified":"2025-12-15T15:49:49","modified_gmt":"2025-12-15T21:49:49","slug":"hospital-general-de-cardenas-con-avance-del-90-abriria-operaciones-en-marzo","status":"publish","type":"post","link":"https:\/\/trabucoradio.com\/home\/?p=5597","title":{"rendered":"HOSPITAL GENERAL DE C\u00c1RDENAS, CON AVANCE DEL 90%; ABRIR\u00cdA OPERACIONES EN MARZO"},"content":{"rendered":"<p><strong>HOSPITAL GENERAL DE C\u00c1RDENAS, CON AVANCE DEL 90%; ABRIR\u00cdA OPERACIONES EN MARZO<\/strong><\/p>\n<p><strong>El secretario de Ordenamiento Territorial y Obras P\u00fablicas (SOTOP), Daniel Casas\u00fas Rus<\/strong>, inform\u00f3 que el Hospital General de C\u00e1rdenas se encuentra pr\u00e1cticamente concluido en materia de construcci\u00f3n, con un avance\u00a0<strong>aproximado del 90 por ciento<\/strong>, y que\u00a0<strong>\u00fanicamente resta el proceso de equipamiento para que pueda iniciar operaciones.<\/strong><\/p>\n<p><strong>El funcionario record\u00f3 que recientemente la presidenta de la Rep\u00fablica realiz\u00f3<\/strong>\u00a0una supervisi\u00f3n del inmueble junto con el gobernador del estado, ocasi\u00f3n en la que se dio a conocer que el hospital estar\u00eda completamente equipado para el mes de marzo.\u00a0<strong>En ese sentido, destac\u00f3 que la obra civil pesada ya est\u00e1 pr\u00e1cticamente finalizada.<\/strong><\/p>\n<p>Casas\u00fas Rus explic\u00f3 que los trabajos pendientes corresponden principalmente a adecuaciones en las llamadas \u201cv\u00edas mec\u00e1nicas\u201d, que<strong>\u00a0incluyen la instalaci\u00f3n de equipos especiales como sistemas de aire acondicionado y elevadores<\/strong>, as\u00ed como otros componentes t\u00e9cnicos necesarios para el correcto funcionamiento del nosocomio.<\/p>\n<p>Indic\u00f3 que parte del equipamiento m\u00e9dico ya se encuentra almacenado en el propio hospital, mientras que otros equipos a\u00fan est\u00e1n por llegar.\u00a0<strong>Una vez que todo el equipamiento est\u00e9 completo e instalado, el hospital podr\u00e1 operar en condiciones \u00f3ptimas.<\/strong><\/p>\n","protected":false},"excerpt":{"rendered":"<p>HOSPITAL GENERAL DE C\u00c1RDENAS, CON AVANCE DEL 90%; ABRIR\u00cdA OPERACIONES EN MARZO El secretario de Ordenamiento Territorial y Obras P\u00fablicas (SOTOP), Daniel Casas\u00fas Rus, inform\u00f3 que el Hospital General de C\u00e1rdenas se encuentra pr\u00e1cticamente concluido en materia de construcci\u00f3n, con un avance\u00a0aproximado del 90 por ciento, y que\u00a0\u00fanicamente resta el proceso de equipamiento para que [&hellip;]<\/p>\n","protected":false},"author":1,"featured_media":5598,"comment_status":"open","ping_status":"open","sticky":false,"template":"","format":"standard","meta":{"footnotes":""},"categories":[4],"tags":[],"class_list":["post-5597","post","type-post","status-publish","format-standard","has-post-thumbnail","hentry","category-noticias"],"_links":{"self":[{"href":"https:\/\/trabucoradio.com\/home\/index.php?rest_route=\/wp\/v2\/posts\/5597","targetHints":{"allow":["GET"]}}],"collection":[{"href":"https:\/\/trabucoradio.com\/home\/index.php?rest_route=\/wp\/v2\/posts"}],"about":[{"href":"https:\/\/trabucoradio.com\/home\/index.php?rest_route=\/wp\/v2\/types\/post"}],"author":[{"embeddable":true,"href":"https:\/\/trabucoradio.com\/home\/index.php?rest_route=\/wp\/v2\/users\/1"}],"replies":[{"embeddable":true,"href":"https:\/\/trabucoradio.com\/home\/index.php?rest_route=%2Fwp%2Fv2%2Fcomments&post=5597"}],"version-history":[{"count":1,"href":"https:\/\/trabucoradio.com\/home\/index.php?rest_route=\/wp\/v2\/posts\/5597\/revisions"}],"predecessor-version":[{"id":5599,"href":"https:\/\/trabucoradio.com\/home\/index.php?rest_route=\/wp\/v2\/posts\/5597\/revisions\/5599"}],"wp:featuredmedia":[{"embeddable":true,"href":"https:\/\/trabucoradio.com\/home\/index.php?rest_route=\/wp\/v2\/media\/5598"}],"wp:attachment":[{"href":"https:\/\/trabucoradio.com\/home\/index.php?rest_route=%2Fwp%2Fv2%2Fmedia&parent=5597"}],"wp:term":[{"taxonomy":"category","embeddable":true,"href":"https:\/\/trabucoradio.com\/home\/index.php?rest_route=%2Fwp%2Fv2%2Fcategories&post=5597"},{"taxonomy":"post_tag","embeddable":true,"href":"https:\/\/trabucoradio.com\/home\/index.php?rest_route=%2Fwp%2Fv2%2Ftags&post=5597"}],"curies":[{"name":"wp","href":"https:\/\/api.w.org\/{rel}","templated":true}]}}