{"id":5594,"date":"2025-12-15T15:46:59","date_gmt":"2025-12-15T21:46:59","guid":{"rendered":"https:\/\/trabucoradio.com\/home\/?p=5594"},"modified":"2025-12-15T15:46:59","modified_gmt":"2025-12-15T21:46:59","slug":"mananeras-presidenciales-se-realizaran-en-estados-violentos-a-partir-de-2026","status":"publish","type":"post","link":"https:\/\/trabucoradio.com\/home\/?p=5594","title":{"rendered":"&#8216;MA\u00d1ANERAS&#8217; PRESIDENCIALES SE REALIZAR\u00c1N EN ESTADOS VIOLENTOS A PARTIR DE 2026"},"content":{"rendered":"<p><strong>&#8216;MA\u00d1ANERAS&#8217; PRESIDENCIALES SE REALIZAR\u00c1N EN ESTADOS VIOLENTOS A PARTIR DE 2026<\/strong><\/p>\n<p><span style=\"font-family: Arial, sans-serif;\"><span style=\"font-size: medium;\">A partir del pr\u00f3ximo a\u00f1o, las ruedas de prensa de los viernes de la presidenta Claudia Sheinbaum Pardo, conocidas tambi\u00e9n como \u2018ma\u00f1aneras\u2019 se llevar\u00e1n a los estados\u00a0<strong>m\u00e1s violentos de pa\u00eds; tambi\u00e9n se realizar\u00e1n las sesiones del gabinete de<\/strong>\u00a0seguridad.<\/span><\/span><\/p>\n<p><span style=\"font-family: Arial, sans-serif;\"><span style=\"font-size: medium;\">La mandataria mencion\u00f3 que en el\u00a0<strong>2026 se iniciar\u00e1 con visitas para hacer el gabinete\u00a0<\/strong>de seguridad en algunos estados \u201cjueves o viernes har\u00e9 las ma\u00f1aneras all\u00e1, en los estados con mayores problemas de seguridad\u201d, expuso.<\/span><\/span><\/p>\n<p><span style=\"font-family: Arial, sans-serif;\"><span style=\"font-size: medium;\">Con este anunci\u00f3, Sheinbaum replicar\u00e1 la\u00a0<strong>misma pr\u00e1ctica de su antecesor Andr\u00e9s\u00a0<\/strong>Manuel L\u00f3pez Obrador, quien cada viernes iniciaba giras de fin de semana en otros del pa\u00eds.<\/span><\/span><\/p>\n","protected":false},"excerpt":{"rendered":"<p>&#8216;MA\u00d1ANERAS&#8217; PRESIDENCIALES SE REALIZAR\u00c1N EN ESTADOS VIOLENTOS A PARTIR DE 2026 A partir del pr\u00f3ximo a\u00f1o, las ruedas de prensa de los viernes de la presidenta Claudia Sheinbaum Pardo, conocidas tambi\u00e9n como \u2018ma\u00f1aneras\u2019 se llevar\u00e1n a los estados\u00a0m\u00e1s violentos de pa\u00eds; tambi\u00e9n se realizar\u00e1n las sesiones del gabinete de\u00a0seguridad. La mandataria mencion\u00f3 que en el\u00a02026 [&hellip;]<\/p>\n","protected":false},"author":1,"featured_media":5595,"comment_status":"open","ping_status":"open","sticky":false,"template":"","format":"standard","meta":{"footnotes":""},"categories":[4,3],"tags":[],"class_list":["post-5594","post","type-post","status-publish","format-standard","has-post-thumbnail","hentry","category-noticias","category-politica"],"_links":{"self":[{"href":"https:\/\/trabucoradio.com\/home\/index.php?rest_route=\/wp\/v2\/posts\/5594","targetHints":{"allow":["GET"]}}],"collection":[{"href":"https:\/\/trabucoradio.com\/home\/index.php?rest_route=\/wp\/v2\/posts"}],"about":[{"href":"https:\/\/trabucoradio.com\/home\/index.php?rest_route=\/wp\/v2\/types\/post"}],"author":[{"embeddable":true,"href":"https:\/\/trabucoradio.com\/home\/index.php?rest_route=\/wp\/v2\/users\/1"}],"replies":[{"embeddable":true,"href":"https:\/\/trabucoradio.com\/home\/index.php?rest_route=%2Fwp%2Fv2%2Fcomments&post=5594"}],"version-history":[{"count":1,"href":"https:\/\/trabucoradio.com\/home\/index.php?rest_route=\/wp\/v2\/posts\/5594\/revisions"}],"predecessor-version":[{"id":5596,"href":"https:\/\/trabucoradio.com\/home\/index.php?rest_route=\/wp\/v2\/posts\/5594\/revisions\/5596"}],"wp:featuredmedia":[{"embeddable":true,"href":"https:\/\/trabucoradio.com\/home\/index.php?rest_route=\/wp\/v2\/media\/5595"}],"wp:attachment":[{"href":"https:\/\/trabucoradio.com\/home\/index.php?rest_route=%2Fwp%2Fv2%2Fmedia&parent=5594"}],"wp:term":[{"taxonomy":"category","embeddable":true,"href":"https:\/\/trabucoradio.com\/home\/index.php?rest_route=%2Fwp%2Fv2%2Fcategories&post=5594"},{"taxonomy":"post_tag","embeddable":true,"href":"https:\/\/trabucoradio.com\/home\/index.php?rest_route=%2Fwp%2Fv2%2Ftags&post=5594"}],"curies":[{"name":"wp","href":"https:\/\/api.w.org\/{rel}","templated":true}]}}