{"id":5590,"date":"2025-12-15T15:43:45","date_gmt":"2025-12-15T21:43:45","guid":{"rendered":"https:\/\/trabucoradio.com\/home\/?p=5590"},"modified":"2025-12-15T15:43:45","modified_gmt":"2025-12-15T21:43:45","slug":"pemex-confirma-fuga-de-gas-en-centla-que-dejo-2-muertos-por-intoxicacion","status":"publish","type":"post","link":"https:\/\/trabucoradio.com\/home\/?p=5590","title":{"rendered":"PEMEX CONFIRMA FUGA DE GAS EN CENTLA QUE DEJ\u00d3 2 MUERTOS POR INTOXICACI\u00d3N"},"content":{"rendered":"<p><strong>PEMEX CONFIRMA FUGA DE GAS EN CENTLA QUE DEJ\u00d3 2 MUERTOS POR INTOXICACI\u00d3N<\/strong><\/p>\n<p><strong>Petr\u00f3leos Mexicanos<\/strong>\u00a0(Pemex) inform\u00f3 este lunes que se encuentra atendiendo la\u00a0<strong>fuga de oleogasoducto<\/strong>\u00a0que se registr\u00f3 en la\u00a0<strong>rancher\u00eda Chicozapote<\/strong>\u00a0segunda secci\u00f3n, en el municipio de\u00a0<strong>Centla<\/strong>.<\/p>\n<p>En un comunicado, indic\u00f3 que personal de la paraestatal realiz\u00f3 el protocolo correspondiente para suspender la operaci\u00f3n del ducto donde se present\u00f3 la \u201cp\u00e9rdida de contenci\u00f3n\u201d, e iniciar su reparaci\u00f3n.<\/p>\n<p>Adem\u00e1s, asegur\u00f3 que colabora con las autoridades de las\u00a0<strong>tres \u00f3rdenes de gobierno<\/strong>\u00a0\u201cpara garantizar las condiciones que permitan realizar el an\u00e1lisis-causa ra\u00edz y determinar el origen de este incidente para que el\u00a0<strong>ministerio p\u00fablico<\/strong>\u00a0realice la investigaci\u00f3n correspondiente.<\/p>\n<p>El gobernador de Tabasco,\u00a0<strong>Javier May Rodr\u00edguez<\/strong>, confirm\u00f3 que ya fue controlada la fuga que, de acuerdo con los reportes, dej\u00f3 dos personas muertas, presuntamente por\u00a0<strong>intoxicaci\u00f3n<\/strong>\u00a0de hidrocarburo, esto debido al derrame de crudo y gas. En este sentido, dijo que se est\u00e1 dando seguimiento y acompa\u00f1amiento a los familiares de las v\u00edctimas, quienes eran padre e hijo.<\/p>\n","protected":false},"excerpt":{"rendered":"<p>PEMEX CONFIRMA FUGA DE GAS EN CENTLA QUE DEJ\u00d3 2 MUERTOS POR INTOXICACI\u00d3N Petr\u00f3leos Mexicanos\u00a0(Pemex) inform\u00f3 este lunes que se encuentra atendiendo la\u00a0fuga de oleogasoducto\u00a0que se registr\u00f3 en la\u00a0rancher\u00eda Chicozapote\u00a0segunda secci\u00f3n, en el municipio de\u00a0Centla. En un comunicado, indic\u00f3 que personal de la paraestatal realiz\u00f3 el protocolo correspondiente para suspender la operaci\u00f3n del ducto donde [&hellip;]<\/p>\n","protected":false},"author":1,"featured_media":5592,"comment_status":"open","ping_status":"open","sticky":false,"template":"","format":"standard","meta":{"footnotes":""},"categories":[4],"tags":[],"class_list":["post-5590","post","type-post","status-publish","format-standard","has-post-thumbnail","hentry","category-noticias"],"_links":{"self":[{"href":"https:\/\/trabucoradio.com\/home\/index.php?rest_route=\/wp\/v2\/posts\/5590","targetHints":{"allow":["GET"]}}],"collection":[{"href":"https:\/\/trabucoradio.com\/home\/index.php?rest_route=\/wp\/v2\/posts"}],"about":[{"href":"https:\/\/trabucoradio.com\/home\/index.php?rest_route=\/wp\/v2\/types\/post"}],"author":[{"embeddable":true,"href":"https:\/\/trabucoradio.com\/home\/index.php?rest_route=\/wp\/v2\/users\/1"}],"replies":[{"embeddable":true,"href":"https:\/\/trabucoradio.com\/home\/index.php?rest_route=%2Fwp%2Fv2%2Fcomments&post=5590"}],"version-history":[{"count":1,"href":"https:\/\/trabucoradio.com\/home\/index.php?rest_route=\/wp\/v2\/posts\/5590\/revisions"}],"predecessor-version":[{"id":5593,"href":"https:\/\/trabucoradio.com\/home\/index.php?rest_route=\/wp\/v2\/posts\/5590\/revisions\/5593"}],"wp:featuredmedia":[{"embeddable":true,"href":"https:\/\/trabucoradio.com\/home\/index.php?rest_route=\/wp\/v2\/media\/5592"}],"wp:attachment":[{"href":"https:\/\/trabucoradio.com\/home\/index.php?rest_route=%2Fwp%2Fv2%2Fmedia&parent=5590"}],"wp:term":[{"taxonomy":"category","embeddable":true,"href":"https:\/\/trabucoradio.com\/home\/index.php?rest_route=%2Fwp%2Fv2%2Fcategories&post=5590"},{"taxonomy":"post_tag","embeddable":true,"href":"https:\/\/trabucoradio.com\/home\/index.php?rest_route=%2Fwp%2Fv2%2Ftags&post=5590"}],"curies":[{"name":"wp","href":"https:\/\/api.w.org\/{rel}","templated":true}]}}