{"id":5585,"date":"2025-12-15T11:13:06","date_gmt":"2025-12-15T17:13:06","guid":{"rendered":"https:\/\/trabucoradio.com\/home\/?p=5585"},"modified":"2025-12-15T11:13:06","modified_gmt":"2025-12-15T17:13:06","slug":"chile-elige-como-presidente-a-jose-antonio-kast-en-historica-eleccion","status":"publish","type":"post","link":"https:\/\/trabucoradio.com\/home\/?p=5585","title":{"rendered":"CHILE ELIGE COMO PRESIDENTE A JOS\u00c9 ANTONIO KAST EN HIST\u00d3RICA ELECCI\u00d3N"},"content":{"rendered":"<p><strong>CHILE ELIGE COMO PRESIDENTE A JOS\u00c9 ANTONIO KAST EN HIST\u00d3RICA ELECCI\u00d3N<\/strong><\/p>\n<p>Con una hist\u00f3rica participaci\u00f3n, el candidato Jos\u00e9 Antonio Kast fue\u00a0<strong>electo este domingo 14 de diciembre como presidente de Chile.<\/strong><\/p>\n<p>El ultraconservador venci\u00f3 con un amplio margen a Jeanette Jara la segunda vuelta de las elecciones presidenciales, con 58.61 por ciento de votos, con el 41.39 % de la candidata de la coalici\u00f3n de la<strong>\u00a0izquierda, quien ya reconoci\u00f3 su derrota.<\/strong><\/p>\n<p><strong>\u201cLa democracia habl\u00f3 fuerte y claro\u201d,<\/strong>\u00a0inform\u00f3 Jara en su cuenta de X luego de comunicarse con el presidente electo.<\/p>\n<p>La autoridad electoral informa que se han emitido\u00a0<strong>10 millones 380 mil 322 votos v\u00e1lidos<\/strong>, de los cuales, 6 millones 84 mil 364 fueron para Kast, y 4 millones 295 mil 958 para Jara.<\/p>\n<p>Con estos resultados se confirma la victoria del candidato de extrema derecha, gracias a los otros candidatos que ya no llegaron a la segunda vuelta y expresaron su apoyo.<\/p>\n","protected":false},"excerpt":{"rendered":"<p>CHILE ELIGE COMO PRESIDENTE A JOS\u00c9 ANTONIO KAST EN HIST\u00d3RICA ELECCI\u00d3N Con una hist\u00f3rica participaci\u00f3n, el candidato Jos\u00e9 Antonio Kast fue\u00a0electo este domingo 14 de diciembre como presidente de Chile. El ultraconservador venci\u00f3 con un amplio margen a Jeanette Jara la segunda vuelta de las elecciones presidenciales, con 58.61 por ciento de votos, con el [&hellip;]<\/p>\n","protected":false},"author":1,"featured_media":5586,"comment_status":"open","ping_status":"open","sticky":false,"template":"","format":"standard","meta":{"footnotes":""},"categories":[4,3],"tags":[],"class_list":["post-5585","post","type-post","status-publish","format-standard","has-post-thumbnail","hentry","category-noticias","category-politica"],"_links":{"self":[{"href":"https:\/\/trabucoradio.com\/home\/index.php?rest_route=\/wp\/v2\/posts\/5585","targetHints":{"allow":["GET"]}}],"collection":[{"href":"https:\/\/trabucoradio.com\/home\/index.php?rest_route=\/wp\/v2\/posts"}],"about":[{"href":"https:\/\/trabucoradio.com\/home\/index.php?rest_route=\/wp\/v2\/types\/post"}],"author":[{"embeddable":true,"href":"https:\/\/trabucoradio.com\/home\/index.php?rest_route=\/wp\/v2\/users\/1"}],"replies":[{"embeddable":true,"href":"https:\/\/trabucoradio.com\/home\/index.php?rest_route=%2Fwp%2Fv2%2Fcomments&post=5585"}],"version-history":[{"count":1,"href":"https:\/\/trabucoradio.com\/home\/index.php?rest_route=\/wp\/v2\/posts\/5585\/revisions"}],"predecessor-version":[{"id":5587,"href":"https:\/\/trabucoradio.com\/home\/index.php?rest_route=\/wp\/v2\/posts\/5585\/revisions\/5587"}],"wp:featuredmedia":[{"embeddable":true,"href":"https:\/\/trabucoradio.com\/home\/index.php?rest_route=\/wp\/v2\/media\/5586"}],"wp:attachment":[{"href":"https:\/\/trabucoradio.com\/home\/index.php?rest_route=%2Fwp%2Fv2%2Fmedia&parent=5585"}],"wp:term":[{"taxonomy":"category","embeddable":true,"href":"https:\/\/trabucoradio.com\/home\/index.php?rest_route=%2Fwp%2Fv2%2Fcategories&post=5585"},{"taxonomy":"post_tag","embeddable":true,"href":"https:\/\/trabucoradio.com\/home\/index.php?rest_route=%2Fwp%2Fv2%2Ftags&post=5585"}],"curies":[{"name":"wp","href":"https:\/\/api.w.org\/{rel}","templated":true}]}}