{"id":5582,"date":"2025-12-15T11:10:51","date_gmt":"2025-12-15T17:10:51","guid":{"rendered":"https:\/\/trabucoradio.com\/home\/?p=5582"},"modified":"2025-12-15T11:10:51","modified_gmt":"2025-12-15T17:10:51","slug":"sigue-conflicto-por-ley-de-aguas-productores-advierten-con-cerrar-aduanas","status":"publish","type":"post","link":"https:\/\/trabucoradio.com\/home\/?p=5582","title":{"rendered":"SIGUE CONFLICTO POR LEY DE AGUAS; PRODUCTORES ADVIERTEN CON CERRAR ADUANAS"},"content":{"rendered":"<p><strong>SIGUE CONFLICTO POR LEY DE AGUAS; PRODUCTORES ADVIERTEN CON CERRAR ADUANAS<\/strong><\/p>\n<p><span style=\"font-family: Arial, sans-serif;\"><span style=\"font-size: medium;\">Este lunes se podr\u00eda definir el conflicto h\u00eddrico que persiste por la Reforma a la Ley de Aguas Nacionales, en las autoridades y los inconformes con esta modificaci\u00f3n; se tiene previsto que en Mexicali, Baja California se d\u00e9 el encuentre por parte del gobierno<strong>\u00a0estatal y representantes del Frente Nacional por el Rescate del Campo.<\/strong><\/span><\/span><\/p>\n<p><span style=\"font-family: Arial, sans-serif;\"><span style=\"font-size: medium;\">Ante la incertidumbre que prevalece, los inconformes advierten que si el Gobierno no les ofrece garant\u00edas, volver\u00e1n a liberar casetas y cerrar las aduanas\u00a0<strong>comerciales en la frontera, como medida de protesta por las afectaciones\u00a0<\/strong>que podr\u00eda provocar la nueva Ley.<\/span><\/span><\/p>\n<p><span style=\"font-family: Arial, sans-serif;\"><span style=\"font-size: medium;\">Las protestas anteriores, que han significado cierres de aduanas, han generado una importante afectaci\u00f3n al comercio de importaci\u00f3n y exportaci\u00f3n, generando p\u00e9rdidas<strong>\u00a0econ\u00f3micas diarias que alcanzan los 100 millones de d\u00f3lares.<\/strong><\/span><\/span><\/p>\n<p><span style=\"font-family: Arial, sans-serif;\"><span style=\"font-size: medium;\">La aprobaci\u00f3n de la Ley enviada por el Ejecutivo, se da en medio de una crisis agropecuaria, con previos de los granos por los suelos, y las fronteras cerradas a la exportaci\u00f3n de ganado.<\/span><\/span><\/p>\n","protected":false},"excerpt":{"rendered":"<p>SIGUE CONFLICTO POR LEY DE AGUAS; PRODUCTORES ADVIERTEN CON CERRAR ADUANAS Este lunes se podr\u00eda definir el conflicto h\u00eddrico que persiste por la Reforma a la Ley de Aguas Nacionales, en las autoridades y los inconformes con esta modificaci\u00f3n; se tiene previsto que en Mexicali, Baja California se d\u00e9 el encuentre por parte del gobierno\u00a0estatal [&hellip;]<\/p>\n","protected":false},"author":1,"featured_media":5583,"comment_status":"open","ping_status":"open","sticky":false,"template":"","format":"standard","meta":{"footnotes":""},"categories":[4,3],"tags":[],"class_list":["post-5582","post","type-post","status-publish","format-standard","has-post-thumbnail","hentry","category-noticias","category-politica"],"_links":{"self":[{"href":"https:\/\/trabucoradio.com\/home\/index.php?rest_route=\/wp\/v2\/posts\/5582","targetHints":{"allow":["GET"]}}],"collection":[{"href":"https:\/\/trabucoradio.com\/home\/index.php?rest_route=\/wp\/v2\/posts"}],"about":[{"href":"https:\/\/trabucoradio.com\/home\/index.php?rest_route=\/wp\/v2\/types\/post"}],"author":[{"embeddable":true,"href":"https:\/\/trabucoradio.com\/home\/index.php?rest_route=\/wp\/v2\/users\/1"}],"replies":[{"embeddable":true,"href":"https:\/\/trabucoradio.com\/home\/index.php?rest_route=%2Fwp%2Fv2%2Fcomments&post=5582"}],"version-history":[{"count":1,"href":"https:\/\/trabucoradio.com\/home\/index.php?rest_route=\/wp\/v2\/posts\/5582\/revisions"}],"predecessor-version":[{"id":5584,"href":"https:\/\/trabucoradio.com\/home\/index.php?rest_route=\/wp\/v2\/posts\/5582\/revisions\/5584"}],"wp:featuredmedia":[{"embeddable":true,"href":"https:\/\/trabucoradio.com\/home\/index.php?rest_route=\/wp\/v2\/media\/5583"}],"wp:attachment":[{"href":"https:\/\/trabucoradio.com\/home\/index.php?rest_route=%2Fwp%2Fv2%2Fmedia&parent=5582"}],"wp:term":[{"taxonomy":"category","embeddable":true,"href":"https:\/\/trabucoradio.com\/home\/index.php?rest_route=%2Fwp%2Fv2%2Fcategories&post=5582"},{"taxonomy":"post_tag","embeddable":true,"href":"https:\/\/trabucoradio.com\/home\/index.php?rest_route=%2Fwp%2Fv2%2Ftags&post=5582"}],"curies":[{"name":"wp","href":"https:\/\/api.w.org\/{rel}","templated":true}]}}