{"id":5579,"date":"2025-12-15T11:07:35","date_gmt":"2025-12-15T17:07:35","guid":{"rendered":"https:\/\/trabucoradio.com\/home\/?p=5579"},"modified":"2025-12-15T11:07:35","modified_gmt":"2025-12-15T17:07:35","slug":"inician-busqueda-de-dos-jovenes-desaparecidas-en-verbena-de-fatima-bosch","status":"publish","type":"post","link":"https:\/\/trabucoradio.com\/home\/?p=5579","title":{"rendered":"INICIAN B\u00daSQUEDA DE DOS J\u00d3VENES DESAPARECIDAS EN VERBENA DE F\u00c1TIMA BOSCH"},"content":{"rendered":"<p><strong>INICIAN B\u00daSQUEDA DE DOS J\u00d3VENES DESAPARECIDAS EN VERBENA DE F\u00c1TIMA BOSCH<\/strong><\/p>\n<p>El\u00a0<strong>gobernador<\/strong>\u00a0<strong>Javier<\/strong>\u00a0<strong>May<\/strong>\u00a0Rodr\u00edguez\u00a0<strong>confirm\u00f3<\/strong>\u00a0que se\u00a0<strong>iniciaron<\/strong>\u00a0<strong>carpetas<\/strong>\u00a0<strong>de<\/strong>\u00a0<strong>investigaci\u00f3n<\/strong>\u00a0por la\u00a0<strong>desaparici\u00f3n<\/strong>\u00a0de\u00a0<strong>dos<\/strong>\u00a0<strong>j\u00f3venes<\/strong>\u00a0que asistieron a la\u00a0<strong>verbena<\/strong>\u00a0<strong>popular<\/strong>\u00a0de la\u00a0<strong>Miss<\/strong>\u00a0<strong>Universo<\/strong>\u00a0<strong>F\u00e1tima<\/strong>\u00a0<strong>Bosch<\/strong>\u00a0Fern\u00e1ndez.<\/p>\n<p>A trav\u00e9s de redes sociales, familiares solicitaban el apoyo para localizar a las j\u00f3venes desaparecidas, el gobernador indic\u00f3 que\u00a0<strong>se<\/strong>\u00a0<strong>activaron<\/strong>\u00a0los\u00a0<strong>protocolos<\/strong>\u00a0de\u00a0<strong>b\u00fasqueda<\/strong>\u00a0para su\u00a0<strong>localizaci\u00f3n<\/strong>.<\/p>\n<p>Expuso que el tema fue abordado en la mesa de seguridad \u00abdesde anoche estamos trabajando en la b\u00fasqueda, ya se despleg\u00f3 un operativo para localizarla\u00bb, inform\u00f3.<\/p>\n","protected":false},"excerpt":{"rendered":"<p>INICIAN B\u00daSQUEDA DE DOS J\u00d3VENES DESAPARECIDAS EN VERBENA DE F\u00c1TIMA BOSCH El\u00a0gobernador\u00a0Javier\u00a0May\u00a0Rodr\u00edguez\u00a0confirm\u00f3\u00a0que se\u00a0iniciaron\u00a0carpetas\u00a0de\u00a0investigaci\u00f3n\u00a0por la\u00a0desaparici\u00f3n\u00a0de\u00a0dos\u00a0j\u00f3venes\u00a0que asistieron a la\u00a0verbena\u00a0popular\u00a0de la\u00a0Miss\u00a0Universo\u00a0F\u00e1tima\u00a0Bosch\u00a0Fern\u00e1ndez. A trav\u00e9s de redes sociales, familiares solicitaban el apoyo para localizar a las j\u00f3venes desaparecidas, el gobernador indic\u00f3 que\u00a0se\u00a0activaron\u00a0los\u00a0protocolos\u00a0de\u00a0b\u00fasqueda\u00a0para su\u00a0localizaci\u00f3n. Expuso que el tema fue abordado en la mesa de seguridad \u00abdesde anoche estamos trabajando en la [&hellip;]<\/p>\n","protected":false},"author":1,"featured_media":5580,"comment_status":"open","ping_status":"open","sticky":false,"template":"","format":"standard","meta":{"footnotes":""},"categories":[4],"tags":[],"class_list":["post-5579","post","type-post","status-publish","format-standard","has-post-thumbnail","hentry","category-noticias"],"_links":{"self":[{"href":"https:\/\/trabucoradio.com\/home\/index.php?rest_route=\/wp\/v2\/posts\/5579","targetHints":{"allow":["GET"]}}],"collection":[{"href":"https:\/\/trabucoradio.com\/home\/index.php?rest_route=\/wp\/v2\/posts"}],"about":[{"href":"https:\/\/trabucoradio.com\/home\/index.php?rest_route=\/wp\/v2\/types\/post"}],"author":[{"embeddable":true,"href":"https:\/\/trabucoradio.com\/home\/index.php?rest_route=\/wp\/v2\/users\/1"}],"replies":[{"embeddable":true,"href":"https:\/\/trabucoradio.com\/home\/index.php?rest_route=%2Fwp%2Fv2%2Fcomments&post=5579"}],"version-history":[{"count":1,"href":"https:\/\/trabucoradio.com\/home\/index.php?rest_route=\/wp\/v2\/posts\/5579\/revisions"}],"predecessor-version":[{"id":5581,"href":"https:\/\/trabucoradio.com\/home\/index.php?rest_route=\/wp\/v2\/posts\/5579\/revisions\/5581"}],"wp:featuredmedia":[{"embeddable":true,"href":"https:\/\/trabucoradio.com\/home\/index.php?rest_route=\/wp\/v2\/media\/5580"}],"wp:attachment":[{"href":"https:\/\/trabucoradio.com\/home\/index.php?rest_route=%2Fwp%2Fv2%2Fmedia&parent=5579"}],"wp:term":[{"taxonomy":"category","embeddable":true,"href":"https:\/\/trabucoradio.com\/home\/index.php?rest_route=%2Fwp%2Fv2%2Fcategories&post=5579"},{"taxonomy":"post_tag","embeddable":true,"href":"https:\/\/trabucoradio.com\/home\/index.php?rest_route=%2Fwp%2Fv2%2Ftags&post=5579"}],"curies":[{"name":"wp","href":"https:\/\/api.w.org\/{rel}","templated":true}]}}