{"id":5576,"date":"2025-12-15T11:05:07","date_gmt":"2025-12-15T17:05:07","guid":{"rendered":"https:\/\/trabucoradio.com\/home\/?p=5576"},"modified":"2025-12-15T11:05:07","modified_gmt":"2025-12-15T17:05:07","slug":"agenda-como-miss-universo-determinara-si-asiste-a-la-feria-tabasco-2026-fatima-bosch","status":"publish","type":"post","link":"https:\/\/trabucoradio.com\/home\/?p=5576","title":{"rendered":"AGENDA COMO MISS UNIVERSO DETERMINAR\u00c1 SI ASISTE A LA FERIA TABASCO 2026: F\u00c1TIMA BOSCH"},"content":{"rendered":"<p><strong>AGENDA COMO MISS UNIVERSO DETERMINAR\u00c1 SI ASISTE A LA FERIA TABASCO 2026: F\u00c1TIMA BOSCH<\/strong><\/p>\n<p><strong>La<\/strong>\u00a0<strong>Miss<\/strong>\u00a0<strong>Universo<\/strong>\u00a02025,\u00a0<strong>F\u00e1tima<\/strong>\u00a0<strong>Bosch<\/strong>\u00a0Fern\u00e1ndez,\u00a0<strong>manifest\u00f3<\/strong>\u00a0su\u00a0<strong>alegr\u00eda<\/strong>\u00a0por\u00a0<strong>regresar<\/strong>\u00a0a\u00a0<strong>tierras<\/strong>\u00a0<strong>chocas<\/strong>\u00a0y su profundo\u00a0<strong>orgullo<\/strong>\u00a0<strong>por<\/strong>\u00a0<strong>Tabasco<\/strong>.<\/p>\n<p>Durante un encuentro con la prensa, la reina de belleza\u00a0<strong>manifest\u00f3<\/strong>\u00a0su\u00a0<strong>entusiasmo<\/strong>\u00a0<strong>por<\/strong>\u00a0<strong>participar<\/strong>\u00a0en la\u00a0<strong>Feria<\/strong>\u00a0<strong>Tabasco<\/strong>\u00a02026, para vivir y disfrutar de la m\u00e1xima fiesta de los tabasque\u00f1os.<\/p>\n<p>Sin embargo, su\u00a0<strong>agenda<\/strong>\u00a0<strong>como<\/strong>\u00a0<strong>Miss<\/strong>\u00a0<strong>Universo<\/strong>\u00a0es\u00a0<strong>compleja<\/strong>\u00a0y ya no est\u00e1 bajo su manejo directo \u00absi llego a tener ese espacio, yo estar\u00e9 encantada\u00bb.<\/p>\n<p>La Miss Universo resalt\u00f3 el compromiso de mostrar la riqueza cultural de Tabasco\u00a0en todo el mundo \u00abpara m\u00ed es un honor poder platicarle a todas las personas todas nuestras tradiciones y de d\u00f3nde vengo\u00bb.<\/p>\n<p>Ataviada en un vestido color azul, durante su conferencia, la tabasque\u00f1a\u00a0<strong>destac\u00f3<\/strong>\u00a0la\u00a0<strong>labor<\/strong>\u00a0<strong>del<\/strong>\u00a0<strong>dise\u00f1ador<\/strong>\u00a0<strong>Tino<\/strong>\u00a0<strong>Orozco<\/strong>, quien ha sido fundamental en la creaci\u00f3n de sus vestuarios que son reflejo del alma y el coraz\u00f3n del dise\u00f1ador \u00abpara m\u00ed, es el mejor dise\u00f1ador de alta costura de todo M\u00e9xico y pronto del mundo\u00bb.<\/p>\n","protected":false},"excerpt":{"rendered":"<p>AGENDA COMO MISS UNIVERSO DETERMINAR\u00c1 SI ASISTE A LA FERIA TABASCO 2026: F\u00c1TIMA BOSCH La\u00a0Miss\u00a0Universo\u00a02025,\u00a0F\u00e1tima\u00a0Bosch\u00a0Fern\u00e1ndez,\u00a0manifest\u00f3\u00a0su\u00a0alegr\u00eda\u00a0por\u00a0regresar\u00a0a\u00a0tierras\u00a0chocas\u00a0y su profundo\u00a0orgullo\u00a0por\u00a0Tabasco. Durante un encuentro con la prensa, la reina de belleza\u00a0manifest\u00f3\u00a0su\u00a0entusiasmo\u00a0por\u00a0participar\u00a0en la\u00a0Feria\u00a0Tabasco\u00a02026, para vivir y disfrutar de la m\u00e1xima fiesta de los tabasque\u00f1os. Sin embargo, su\u00a0agenda\u00a0como\u00a0Miss\u00a0Universo\u00a0es\u00a0compleja\u00a0y ya no est\u00e1 bajo su manejo directo \u00absi llego a tener ese espacio, [&hellip;]<\/p>\n","protected":false},"author":1,"featured_media":5577,"comment_status":"open","ping_status":"open","sticky":false,"template":"","format":"standard","meta":{"footnotes":""},"categories":[6,4],"tags":[],"class_list":["post-5576","post","type-post","status-publish","format-standard","has-post-thumbnail","hentry","category-conoce","category-noticias"],"_links":{"self":[{"href":"https:\/\/trabucoradio.com\/home\/index.php?rest_route=\/wp\/v2\/posts\/5576","targetHints":{"allow":["GET"]}}],"collection":[{"href":"https:\/\/trabucoradio.com\/home\/index.php?rest_route=\/wp\/v2\/posts"}],"about":[{"href":"https:\/\/trabucoradio.com\/home\/index.php?rest_route=\/wp\/v2\/types\/post"}],"author":[{"embeddable":true,"href":"https:\/\/trabucoradio.com\/home\/index.php?rest_route=\/wp\/v2\/users\/1"}],"replies":[{"embeddable":true,"href":"https:\/\/trabucoradio.com\/home\/index.php?rest_route=%2Fwp%2Fv2%2Fcomments&post=5576"}],"version-history":[{"count":1,"href":"https:\/\/trabucoradio.com\/home\/index.php?rest_route=\/wp\/v2\/posts\/5576\/revisions"}],"predecessor-version":[{"id":5578,"href":"https:\/\/trabucoradio.com\/home\/index.php?rest_route=\/wp\/v2\/posts\/5576\/revisions\/5578"}],"wp:featuredmedia":[{"embeddable":true,"href":"https:\/\/trabucoradio.com\/home\/index.php?rest_route=\/wp\/v2\/media\/5577"}],"wp:attachment":[{"href":"https:\/\/trabucoradio.com\/home\/index.php?rest_route=%2Fwp%2Fv2%2Fmedia&parent=5576"}],"wp:term":[{"taxonomy":"category","embeddable":true,"href":"https:\/\/trabucoradio.com\/home\/index.php?rest_route=%2Fwp%2Fv2%2Fcategories&post=5576"},{"taxonomy":"post_tag","embeddable":true,"href":"https:\/\/trabucoradio.com\/home\/index.php?rest_route=%2Fwp%2Fv2%2Ftags&post=5576"}],"curies":[{"name":"wp","href":"https:\/\/api.w.org\/{rel}","templated":true}]}}