{"id":5571,"date":"2025-12-13T11:23:30","date_gmt":"2025-12-13T17:23:30","guid":{"rendered":"https:\/\/trabucoradio.com\/home\/?p=5571"},"modified":"2025-12-13T11:23:30","modified_gmt":"2025-12-13T17:23:30","slug":"acuden-a-la-basilica-13-millones-de-peregrinos","status":"publish","type":"post","link":"https:\/\/trabucoradio.com\/home\/?p=5571","title":{"rendered":"ACUDEN A LA BAS\u00cdLICA 13 MILLONES DE PEREGRINOS"},"content":{"rendered":"<p><strong>ACUDEN A LA BAS\u00cdLICA 13 MILLONES DE PEREGRINOS<\/strong><\/p>\n<p>La Secretar\u00eda de Gobierno de la Ciudad de M\u00e9xico report\u00f3 que hasta ayer aproximadamente 13 millones de personas acudieron a la Bas\u00edlica con motivo del D\u00eda de la Virgen de Guadalupe, con lo que concluy\u00f3 el periodo de tr\u00e1nsito m\u00e1s intenso de peregrinos.<br class=\"html-br\" \/><br class=\"html-br\" \/>Esa cantidad de personas lleg\u00f3 entre el 5 de diciembre y la madrugada del 12, lo que significa, seg\u00fan los datos oficiales, que en ese lapso el recinto religioso recibi\u00f3 la visita de poco m\u00e1s de 10 por ciento de la poblaci\u00f3n del pa\u00eds \u2013que es de 126 millones 14 mil 24 personas\u2013, incluso rebas\u00f3 el n\u00famero de habitantes de la capital mexicana, que es de 9 millones 209 mil 944.<br class=\"html-br\" \/><br class=\"html-br\" \/>La misma informaci\u00f3n indica que la mayor parte de los feligreses llegaron entre el medio d\u00eda del 11 de diciembre y las 5 horas del viernes, con 8 y medio millones de personas, toda vez que, seg\u00fan informaci\u00f3n de la alcald\u00eda Gustavo A. Madero, entre el 5 y 10 de este mes acudieron al templo un mill\u00f3n de peregrinos; para las 12 horas del d\u00eda siguiente, sumaban ya 4.5 millones.<\/p>\n","protected":false},"excerpt":{"rendered":"<p>ACUDEN A LA BAS\u00cdLICA 13 MILLONES DE PEREGRINOS La Secretar\u00eda de Gobierno de la Ciudad de M\u00e9xico report\u00f3 que hasta ayer aproximadamente 13 millones de personas acudieron a la Bas\u00edlica con motivo del D\u00eda de la Virgen de Guadalupe, con lo que concluy\u00f3 el periodo de tr\u00e1nsito m\u00e1s intenso de peregrinos.Esa cantidad de personas lleg\u00f3 [&hellip;]<\/p>\n","protected":false},"author":1,"featured_media":5572,"comment_status":"open","ping_status":"open","sticky":false,"template":"","format":"standard","meta":{"footnotes":""},"categories":[6,4],"tags":[],"class_list":["post-5571","post","type-post","status-publish","format-standard","has-post-thumbnail","hentry","category-conoce","category-noticias"],"_links":{"self":[{"href":"https:\/\/trabucoradio.com\/home\/index.php?rest_route=\/wp\/v2\/posts\/5571","targetHints":{"allow":["GET"]}}],"collection":[{"href":"https:\/\/trabucoradio.com\/home\/index.php?rest_route=\/wp\/v2\/posts"}],"about":[{"href":"https:\/\/trabucoradio.com\/home\/index.php?rest_route=\/wp\/v2\/types\/post"}],"author":[{"embeddable":true,"href":"https:\/\/trabucoradio.com\/home\/index.php?rest_route=\/wp\/v2\/users\/1"}],"replies":[{"embeddable":true,"href":"https:\/\/trabucoradio.com\/home\/index.php?rest_route=%2Fwp%2Fv2%2Fcomments&post=5571"}],"version-history":[{"count":1,"href":"https:\/\/trabucoradio.com\/home\/index.php?rest_route=\/wp\/v2\/posts\/5571\/revisions"}],"predecessor-version":[{"id":5573,"href":"https:\/\/trabucoradio.com\/home\/index.php?rest_route=\/wp\/v2\/posts\/5571\/revisions\/5573"}],"wp:featuredmedia":[{"embeddable":true,"href":"https:\/\/trabucoradio.com\/home\/index.php?rest_route=\/wp\/v2\/media\/5572"}],"wp:attachment":[{"href":"https:\/\/trabucoradio.com\/home\/index.php?rest_route=%2Fwp%2Fv2%2Fmedia&parent=5571"}],"wp:term":[{"taxonomy":"category","embeddable":true,"href":"https:\/\/trabucoradio.com\/home\/index.php?rest_route=%2Fwp%2Fv2%2Fcategories&post=5571"},{"taxonomy":"post_tag","embeddable":true,"href":"https:\/\/trabucoradio.com\/home\/index.php?rest_route=%2Fwp%2Fv2%2Ftags&post=5571"}],"curies":[{"name":"wp","href":"https:\/\/api.w.org\/{rel}","templated":true}]}}