{"id":5565,"date":"2025-12-11T10:27:29","date_gmt":"2025-12-11T16:27:29","guid":{"rendered":"https:\/\/trabucoradio.com\/home\/?p=5565"},"modified":"2025-12-11T10:27:29","modified_gmt":"2025-12-11T16:27:29","slug":"comite-noruego-del-nobel-pide-la-dimision-de-nicolas-maduro","status":"publish","type":"post","link":"https:\/\/trabucoradio.com\/home\/?p=5565","title":{"rendered":"COMIT\u00c9 NORUEGO DEL NOBEL PIDE LA DIMISI\u00d3N DE NICOL\u00c1S MADURO"},"content":{"rendered":"<p><strong>COMIT\u00c9 NORUEGO DEL NOBEL PIDE LA DIMISI\u00d3N DE NICOL\u00c1S MADURO<\/strong><\/p>\n<p><span style=\"font-family: Arial, sans-serif;\"><span style=\"font-size: medium;\">El comit\u00e9 noruego del Nobel puso presi\u00f3n a Nicol\u00e1s Maduro para que dimita a la presidencia de Venezuela, luego que Mar\u00eda Corina Machado\u00a0<strong>reapareciera en p\u00fablico luego de 11 meses de clandestinidad.<\/strong><\/span><\/span><\/p>\n<p><span style=\"font-family: Arial, sans-serif;\"><span style=\"font-size: medium;\">El presidente del comit\u00e9, Jorgen Wayne Frydnes destac\u00f3 que es la voluntad del pueblo venezolano.<\/span><\/span><\/p>\n<p><span style=\"font-family: Arial, sans-serif;\"><span style=\"font-size: medium;\">La<strong>\u00a0mayor disidente del Chavismo tuvo una calurosa bienvenida<\/strong>\u00a0a su llegada a Oslo.\u00a0<\/span><\/span><span style=\"font-family: Arial, sans-serif;\"><span style=\"font-size: medium;\">D\u00edas antes de la llegada a Oslo, la hija de Corina, quien recibi\u00f3 el premio Nobel a nombre de su madre,<strong>\u00a0en su discurso de aceptaci\u00f3n denunci\u00f3\u00a0<\/strong>\u201cel terrorismo del Estado del Gobierno de Nicol\u00e1s Maduro, y afirm\u00f3 que hay que \u201cestar dispuestos a luchar por la libertad\u201d.<\/span><\/span><\/p>\n","protected":false},"excerpt":{"rendered":"<p>COMIT\u00c9 NORUEGO DEL NOBEL PIDE LA DIMISI\u00d3N DE NICOL\u00c1S MADURO El comit\u00e9 noruego del Nobel puso presi\u00f3n a Nicol\u00e1s Maduro para que dimita a la presidencia de Venezuela, luego que Mar\u00eda Corina Machado\u00a0reapareciera en p\u00fablico luego de 11 meses de clandestinidad. El presidente del comit\u00e9, Jorgen Wayne Frydnes destac\u00f3 que es la voluntad del pueblo [&hellip;]<\/p>\n","protected":false},"author":1,"featured_media":5566,"comment_status":"open","ping_status":"open","sticky":false,"template":"","format":"standard","meta":{"footnotes":""},"categories":[4,3],"tags":[],"class_list":["post-5565","post","type-post","status-publish","format-standard","has-post-thumbnail","hentry","category-noticias","category-politica"],"_links":{"self":[{"href":"https:\/\/trabucoradio.com\/home\/index.php?rest_route=\/wp\/v2\/posts\/5565","targetHints":{"allow":["GET"]}}],"collection":[{"href":"https:\/\/trabucoradio.com\/home\/index.php?rest_route=\/wp\/v2\/posts"}],"about":[{"href":"https:\/\/trabucoradio.com\/home\/index.php?rest_route=\/wp\/v2\/types\/post"}],"author":[{"embeddable":true,"href":"https:\/\/trabucoradio.com\/home\/index.php?rest_route=\/wp\/v2\/users\/1"}],"replies":[{"embeddable":true,"href":"https:\/\/trabucoradio.com\/home\/index.php?rest_route=%2Fwp%2Fv2%2Fcomments&post=5565"}],"version-history":[{"count":1,"href":"https:\/\/trabucoradio.com\/home\/index.php?rest_route=\/wp\/v2\/posts\/5565\/revisions"}],"predecessor-version":[{"id":5567,"href":"https:\/\/trabucoradio.com\/home\/index.php?rest_route=\/wp\/v2\/posts\/5565\/revisions\/5567"}],"wp:featuredmedia":[{"embeddable":true,"href":"https:\/\/trabucoradio.com\/home\/index.php?rest_route=\/wp\/v2\/media\/5566"}],"wp:attachment":[{"href":"https:\/\/trabucoradio.com\/home\/index.php?rest_route=%2Fwp%2Fv2%2Fmedia&parent=5565"}],"wp:term":[{"taxonomy":"category","embeddable":true,"href":"https:\/\/trabucoradio.com\/home\/index.php?rest_route=%2Fwp%2Fv2%2Fcategories&post=5565"},{"taxonomy":"post_tag","embeddable":true,"href":"https:\/\/trabucoradio.com\/home\/index.php?rest_route=%2Fwp%2Fv2%2Ftags&post=5565"}],"curies":[{"name":"wp","href":"https:\/\/api.w.org\/{rel}","templated":true}]}}