{"id":5560,"date":"2025-12-09T15:54:28","date_gmt":"2025-12-09T21:54:28","guid":{"rendered":"https:\/\/trabucoradio.com\/home\/?p=5560"},"modified":"2025-12-09T15:58:29","modified_gmt":"2025-12-09T21:58:29","slug":"katia-ornelas-asegura-que-tabasco-debe-avanzar-sin-frenar-ante-incremento-al-salario-minimo","status":"publish","type":"post","link":"https:\/\/trabucoradio.com\/home\/?p=5560","title":{"rendered":"KATIA ORNELAS ASEGURA QUE TABASCO DEBE AVANZAR SIN FRENAR, ANTE INCREMENTO AL SALARIO M\u00cdNIMO"},"content":{"rendered":"<p><strong>KATIA ORNELAS ASEGURA QUE TABASCO DEBE AVANZAR SIN FRENAR, ANTE INCREMENTO AL SALARIO M\u00cdNIMO<\/strong><\/p>\n<p><strong>Ante el reciente anuncio del incremento del 13% al salario m\u00ednimo en M\u00e9xico<\/strong>, la secretaria de Turismo y Desarrollo Econ\u00f3mico, Katia Ornelas Gil, sostuvo que\u00a0<strong>este ajuste debe entenderse como parte de una estrategia nacional para mejorar las condiciones de vida<\/strong>\u00a0y reducir las brechas de desigualdad.<\/p>\n<p>La funcionaria destac\u00f3 que mantiene comunicaci\u00f3n constante con el sector empresarial. Incluso\u00a0<strong>anunci\u00f3 un pr\u00f3ximo encuentro con la presidenta del Consejo Coordinador Empresarial para dise\u00f1ar rutas de acompa\u00f1amiento<\/strong>\u00a0y asegurar que el ajuste salarial se implemente sin frenar el desarrollo econ\u00f3mico local.<\/p>\n<p>Respecto al riesgo de que el aumento provoque despidos, alzas de precios o inhibici\u00f3n de inversiones, la secretaria reconoci\u00f3 que siempre existen distintas posturas.\u00a0<strong>No obstante, insisti\u00f3 en que el di\u00e1logo con empresarios ser\u00e1 importante\u00a0para transitar este cambio<\/strong>\u00a0sin afectar la operaci\u00f3n de las compa\u00f1\u00edas.<\/p>\n","protected":false},"excerpt":{"rendered":"<p>KATIA ORNELAS ASEGURA QUE TABASCO DEBE AVANZAR SIN FRENAR, ANTE INCREMENTO AL SALARIO M\u00cdNIMO Ante el reciente anuncio del incremento del 13% al salario m\u00ednimo en M\u00e9xico, la secretaria de Turismo y Desarrollo Econ\u00f3mico, Katia Ornelas Gil, sostuvo que\u00a0este ajuste debe entenderse como parte de una estrategia nacional para mejorar las condiciones de vida\u00a0y reducir [&hellip;]<\/p>\n","protected":false},"author":1,"featured_media":5563,"comment_status":"open","ping_status":"open","sticky":false,"template":"","format":"standard","meta":{"footnotes":""},"categories":[4],"tags":[],"class_list":["post-5560","post","type-post","status-publish","format-standard","has-post-thumbnail","hentry","category-noticias"],"_links":{"self":[{"href":"https:\/\/trabucoradio.com\/home\/index.php?rest_route=\/wp\/v2\/posts\/5560","targetHints":{"allow":["GET"]}}],"collection":[{"href":"https:\/\/trabucoradio.com\/home\/index.php?rest_route=\/wp\/v2\/posts"}],"about":[{"href":"https:\/\/trabucoradio.com\/home\/index.php?rest_route=\/wp\/v2\/types\/post"}],"author":[{"embeddable":true,"href":"https:\/\/trabucoradio.com\/home\/index.php?rest_route=\/wp\/v2\/users\/1"}],"replies":[{"embeddable":true,"href":"https:\/\/trabucoradio.com\/home\/index.php?rest_route=%2Fwp%2Fv2%2Fcomments&post=5560"}],"version-history":[{"count":1,"href":"https:\/\/trabucoradio.com\/home\/index.php?rest_route=\/wp\/v2\/posts\/5560\/revisions"}],"predecessor-version":[{"id":5562,"href":"https:\/\/trabucoradio.com\/home\/index.php?rest_route=\/wp\/v2\/posts\/5560\/revisions\/5562"}],"wp:featuredmedia":[{"embeddable":true,"href":"https:\/\/trabucoradio.com\/home\/index.php?rest_route=\/wp\/v2\/media\/5563"}],"wp:attachment":[{"href":"https:\/\/trabucoradio.com\/home\/index.php?rest_route=%2Fwp%2Fv2%2Fmedia&parent=5560"}],"wp:term":[{"taxonomy":"category","embeddable":true,"href":"https:\/\/trabucoradio.com\/home\/index.php?rest_route=%2Fwp%2Fv2%2Fcategories&post=5560"},{"taxonomy":"post_tag","embeddable":true,"href":"https:\/\/trabucoradio.com\/home\/index.php?rest_route=%2Fwp%2Fv2%2Ftags&post=5560"}],"curies":[{"name":"wp","href":"https:\/\/api.w.org\/{rel}","templated":true}]}}