{"id":5551,"date":"2025-12-09T15:32:33","date_gmt":"2025-12-09T21:32:33","guid":{"rendered":"https:\/\/trabucoradio.com\/home\/?p=5551"},"modified":"2025-12-09T15:32:33","modified_gmt":"2025-12-09T21:32:33","slug":"belen-enciende-su-navidad-con-esperanza-tras-2-anos-de-la-guerra-en-gaza","status":"publish","type":"post","link":"https:\/\/trabucoradio.com\/home\/?p=5551","title":{"rendered":"BEL\u00c9N ENCIENDE SU NAVIDAD CON ESPERANZA TRAS 2 A\u00d1OS DE LA GUERRA EN GAZA"},"content":{"rendered":"<p><strong>BEL\u00c9N ENCIENDE SU NAVIDAD CON ESPERANZA TRAS 2 A\u00d1OS DE LA GUERRA EN GAZA<\/strong><\/p>\n<p>Cargada de esperanza, la ciudad palestina de\u00a0<strong>Bel\u00e9n<\/strong>\u00a0encendi\u00f3 el s\u00e1bado sus luces de\u00a0<strong>Navidad<\/strong>\u00a0por primera vez en dos a\u00f1os, en los que la\u00a0<strong>ofensiva israel\u00ed en Gaza<\/strong>\u00a0dej\u00f3 sin decoraciones navide\u00f1as la localidad donde naci\u00f3\u00a0<strong>Jes\u00fas<\/strong>\u00a0en recuerdo de las decenas de miles de muertos en el enclave palestino.<\/p>\n<p>Palestinos cristianos y musulmanes venidos de diferentes puntos de\u00a0<strong>Cisjordania<\/strong>\u00a0y de Israel, junto a algunos sacerdotes y monjas que cumplen su misi\u00f3n en\u00a0<strong>Tierra Santa<\/strong>, retaron a la lluvia en la plaza del Ayuntamiento de Bel\u00e9n, junto a la Bas\u00edlica de la Natividad, para ver un encendido que llevaba dos a\u00f1os sin ocurrir.<\/p>\n<p>El acto arranc\u00f3 con el himno nacional palestino, seguido de un momento de silencio por los muertos en Gaza, donde la ofensiva israel\u00ed ha dejado m\u00e1s de 70 mil 100 fallecidos desde octubre de 2023.<\/p>\n","protected":false},"excerpt":{"rendered":"<p>BEL\u00c9N ENCIENDE SU NAVIDAD CON ESPERANZA TRAS 2 A\u00d1OS DE LA GUERRA EN GAZA Cargada de esperanza, la ciudad palestina de\u00a0Bel\u00e9n\u00a0encendi\u00f3 el s\u00e1bado sus luces de\u00a0Navidad\u00a0por primera vez en dos a\u00f1os, en los que la\u00a0ofensiva israel\u00ed en Gaza\u00a0dej\u00f3 sin decoraciones navide\u00f1as la localidad donde naci\u00f3\u00a0Jes\u00fas\u00a0en recuerdo de las decenas de miles de muertos en el [&hellip;]<\/p>\n","protected":false},"author":1,"featured_media":5552,"comment_status":"open","ping_status":"open","sticky":false,"template":"","format":"standard","meta":{"footnotes":""},"categories":[6,4],"tags":[],"class_list":["post-5551","post","type-post","status-publish","format-standard","has-post-thumbnail","hentry","category-conoce","category-noticias"],"_links":{"self":[{"href":"https:\/\/trabucoradio.com\/home\/index.php?rest_route=\/wp\/v2\/posts\/5551","targetHints":{"allow":["GET"]}}],"collection":[{"href":"https:\/\/trabucoradio.com\/home\/index.php?rest_route=\/wp\/v2\/posts"}],"about":[{"href":"https:\/\/trabucoradio.com\/home\/index.php?rest_route=\/wp\/v2\/types\/post"}],"author":[{"embeddable":true,"href":"https:\/\/trabucoradio.com\/home\/index.php?rest_route=\/wp\/v2\/users\/1"}],"replies":[{"embeddable":true,"href":"https:\/\/trabucoradio.com\/home\/index.php?rest_route=%2Fwp%2Fv2%2Fcomments&post=5551"}],"version-history":[{"count":1,"href":"https:\/\/trabucoradio.com\/home\/index.php?rest_route=\/wp\/v2\/posts\/5551\/revisions"}],"predecessor-version":[{"id":5553,"href":"https:\/\/trabucoradio.com\/home\/index.php?rest_route=\/wp\/v2\/posts\/5551\/revisions\/5553"}],"wp:featuredmedia":[{"embeddable":true,"href":"https:\/\/trabucoradio.com\/home\/index.php?rest_route=\/wp\/v2\/media\/5552"}],"wp:attachment":[{"href":"https:\/\/trabucoradio.com\/home\/index.php?rest_route=%2Fwp%2Fv2%2Fmedia&parent=5551"}],"wp:term":[{"taxonomy":"category","embeddable":true,"href":"https:\/\/trabucoradio.com\/home\/index.php?rest_route=%2Fwp%2Fv2%2Fcategories&post=5551"},{"taxonomy":"post_tag","embeddable":true,"href":"https:\/\/trabucoradio.com\/home\/index.php?rest_route=%2Fwp%2Fv2%2Ftags&post=5551"}],"curies":[{"name":"wp","href":"https:\/\/api.w.org\/{rel}","templated":true}]}}