{"id":5544,"date":"2025-12-09T15:22:02","date_gmt":"2025-12-09T21:22:02","guid":{"rendered":"https:\/\/trabucoradio.com\/home\/?p=5544"},"modified":"2025-12-09T15:22:02","modified_gmt":"2025-12-09T21:22:02","slug":"maduro-tiene-los-dias-contados-trump-no-descarta-invasion-terrestre-en-venezuela","status":"publish","type":"post","link":"https:\/\/trabucoradio.com\/home\/?p=5544","title":{"rendered":"\u201cMADURO TIENE LOS D\u00cdAS CONTADOS\u00bb: TRUMP NO DESCARTA INVASI\u00d3N TERRESTRE EN VENEZUELA"},"content":{"rendered":"<p><strong>\u201cMADURO TIENE LOS D\u00cdAS CONTADOS\u00bb: TRUMP NO DESCARTA INVASI\u00d3N TERRESTRE EN VENEZUELA<\/strong><\/p>\n<p>El presidente de Estados Unidos,\u00a0<strong>Donald Trump<\/strong>, afirm\u00f3 en una entrevista publicada este martes que el mandatario venezolano,\u00a0<strong>Nicol\u00e1s Maduro<\/strong>, tiene los d\u00edas \u00abcontados\u00bb y no descart\u00f3 una posible invasi\u00f3n terrestre a Venezuela.<\/p>\n<p>Esto lo declar\u00f3 en una conversaci\u00f3n con Politico, tras ser consultado sobre hasta d\u00f3nde estar\u00eda dispuesto a llegar para sacar a Maduro del poder. El presidente evit\u00f3 responder cuando la periodista Dasha Burns le pregunt\u00f3 si pod\u00eda descartarse una\u00a0<strong>intervenci\u00f3n terrestre<\/strong>\u00a0con tropas estadounidenses desplegadas en territorio venezolano.<\/p>\n<p>El Gobierno de Trump, que no reconoce la legitimidad de Maduro y lo acusa de liderar el\u00a0<strong>Cartel de los Soles<\/strong>, ha desplegado desde mediados de a\u00f1o una presencia militar sin precedentes en la regi\u00f3n con el argumento de combatir el\u00a0<strong>narcotr\u00e1fico<\/strong>.<\/p>\n<p>Esa operaci\u00f3n, bautizada como Lanza del Sur, ha destruido una veintena de lanchas supuestamente cargadas con droga en el\u00a0<strong>Caribe<\/strong>\u00a0y el\u00a0<strong>Pac\u00edfico<\/strong>, matando de forma extrajudicial a m\u00e1s de 80 personas, a las que Washington acusa de \u00abnarcoterroristas\u00bb.<\/p>\n","protected":false},"excerpt":{"rendered":"<p>\u201cMADURO TIENE LOS D\u00cdAS CONTADOS\u00bb: TRUMP NO DESCARTA INVASI\u00d3N TERRESTRE EN VENEZUELA El presidente de Estados Unidos,\u00a0Donald Trump, afirm\u00f3 en una entrevista publicada este martes que el mandatario venezolano,\u00a0Nicol\u00e1s Maduro, tiene los d\u00edas \u00abcontados\u00bb y no descart\u00f3 una posible invasi\u00f3n terrestre a Venezuela. Esto lo declar\u00f3 en una conversaci\u00f3n con Politico, tras ser consultado sobre [&hellip;]<\/p>\n","protected":false},"author":1,"featured_media":5545,"comment_status":"open","ping_status":"open","sticky":false,"template":"","format":"standard","meta":{"footnotes":""},"categories":[4,3],"tags":[],"class_list":["post-5544","post","type-post","status-publish","format-standard","has-post-thumbnail","hentry","category-noticias","category-politica"],"_links":{"self":[{"href":"https:\/\/trabucoradio.com\/home\/index.php?rest_route=\/wp\/v2\/posts\/5544","targetHints":{"allow":["GET"]}}],"collection":[{"href":"https:\/\/trabucoradio.com\/home\/index.php?rest_route=\/wp\/v2\/posts"}],"about":[{"href":"https:\/\/trabucoradio.com\/home\/index.php?rest_route=\/wp\/v2\/types\/post"}],"author":[{"embeddable":true,"href":"https:\/\/trabucoradio.com\/home\/index.php?rest_route=\/wp\/v2\/users\/1"}],"replies":[{"embeddable":true,"href":"https:\/\/trabucoradio.com\/home\/index.php?rest_route=%2Fwp%2Fv2%2Fcomments&post=5544"}],"version-history":[{"count":1,"href":"https:\/\/trabucoradio.com\/home\/index.php?rest_route=\/wp\/v2\/posts\/5544\/revisions"}],"predecessor-version":[{"id":5546,"href":"https:\/\/trabucoradio.com\/home\/index.php?rest_route=\/wp\/v2\/posts\/5544\/revisions\/5546"}],"wp:featuredmedia":[{"embeddable":true,"href":"https:\/\/trabucoradio.com\/home\/index.php?rest_route=\/wp\/v2\/media\/5545"}],"wp:attachment":[{"href":"https:\/\/trabucoradio.com\/home\/index.php?rest_route=%2Fwp%2Fv2%2Fmedia&parent=5544"}],"wp:term":[{"taxonomy":"category","embeddable":true,"href":"https:\/\/trabucoradio.com\/home\/index.php?rest_route=%2Fwp%2Fv2%2Fcategories&post=5544"},{"taxonomy":"post_tag","embeddable":true,"href":"https:\/\/trabucoradio.com\/home\/index.php?rest_route=%2Fwp%2Fv2%2Ftags&post=5544"}],"curies":[{"name":"wp","href":"https:\/\/api.w.org\/{rel}","templated":true}]}}