{"id":5541,"date":"2025-12-09T15:19:14","date_gmt":"2025-12-09T21:19:14","guid":{"rendered":"https:\/\/trabucoradio.com\/home\/?p=5541"},"modified":"2025-12-09T15:19:14","modified_gmt":"2025-12-09T21:19:14","slug":"mexico-y-guatemala-refuerzan-seguridad-fronteriza-tras-ataque-del-crimen-organizado","status":"publish","type":"post","link":"https:\/\/trabucoradio.com\/home\/?p=5541","title":{"rendered":"M\u00c9XICO Y GUATEMALA REFUERZAN SEGURIDAD FRONTERIZA TRAS ATAQUE DEL CRIMEN ORGANIZADO"},"content":{"rendered":"<p><strong>M\u00c9XICO Y GUATEMALA REFUERZAN SEGURIDAD FRONTERIZA TRAS ATAQUE DEL CRIMEN ORGANIZADO<\/strong><\/p>\n<p>El Gobierno de\u00a0<strong>M\u00e9xico<\/strong>\u00a0inform\u00f3 este martes que se reforz\u00f3 la coordinaci\u00f3n con\u00a0<strong>Guatemala<\/strong>\u00a0tras el enfrentamiento armado registrado en la comunidad de Agua Zarca, en el departamento guatemalteco de Huehuetenango, donde un militar result\u00f3 herido durante un ataque atribuido a grupos del\u00a0<strong>crimen organizado<\/strong>\u00a0que operan en ambos lados de la frontera.<\/p>\n<p>El secretario de\u00a0<strong>Seguridad y Protecci\u00f3n Ciudadana<\/strong>, Omar Garc\u00eda Harfuch, confirm\u00f3 que existe intercambio de informaci\u00f3n con las autoridades guatemaltecas y que ya se desplegaron unidades del\u00a0<strong>Ej\u00e9rcito mexicano<\/strong>\u00a0en la zona fronteriza para reforzar la vigilancia y apoyar en las labores de reconocimiento.<\/p>\n<p>Harfuch a\u00f1adi\u00f3 que el ataque se inscribe en la \u00abdin\u00e1mica delictiva\u00bb que domina esa franja lim\u00edtrofe, donde distintos grupos disputan rutas para el tr\u00e1fico de drogas y armas. De acuerdo con el parte oficial del\u00a0<strong>Ministerio de la Defensa de Guatemala<\/strong>, un oficial fue herido en un pie durante la agresi\u00f3n ocurrida en Agua Zarca, en la frontera entre ambos pa\u00edses.<\/p>\n<p>En este sentido, el general de la\u00a0<strong>Sedena<\/strong>, Ricardo Trevilla Trejo, detall\u00f3 que en la regi\u00f3n operan al menos dos organizaciones: una c\u00e9lula vinculada al\u00a0<strong>Cartel de Sinaloa<\/strong>\u00a0y otra identificada como\u00a0<strong>Cartel de Chiapas<\/strong>\u2013<strong>Guatemala<\/strong>.<\/p>\n","protected":false},"excerpt":{"rendered":"<p>M\u00c9XICO Y GUATEMALA REFUERZAN SEGURIDAD FRONTERIZA TRAS ATAQUE DEL CRIMEN ORGANIZADO El Gobierno de\u00a0M\u00e9xico\u00a0inform\u00f3 este martes que se reforz\u00f3 la coordinaci\u00f3n con\u00a0Guatemala\u00a0tras el enfrentamiento armado registrado en la comunidad de Agua Zarca, en el departamento guatemalteco de Huehuetenango, donde un militar result\u00f3 herido durante un ataque atribuido a grupos del\u00a0crimen organizado\u00a0que operan en ambos lados [&hellip;]<\/p>\n","protected":false},"author":1,"featured_media":5542,"comment_status":"open","ping_status":"open","sticky":false,"template":"","format":"standard","meta":{"footnotes":""},"categories":[4,3],"tags":[],"class_list":["post-5541","post","type-post","status-publish","format-standard","has-post-thumbnail","hentry","category-noticias","category-politica"],"_links":{"self":[{"href":"https:\/\/trabucoradio.com\/home\/index.php?rest_route=\/wp\/v2\/posts\/5541","targetHints":{"allow":["GET"]}}],"collection":[{"href":"https:\/\/trabucoradio.com\/home\/index.php?rest_route=\/wp\/v2\/posts"}],"about":[{"href":"https:\/\/trabucoradio.com\/home\/index.php?rest_route=\/wp\/v2\/types\/post"}],"author":[{"embeddable":true,"href":"https:\/\/trabucoradio.com\/home\/index.php?rest_route=\/wp\/v2\/users\/1"}],"replies":[{"embeddable":true,"href":"https:\/\/trabucoradio.com\/home\/index.php?rest_route=%2Fwp%2Fv2%2Fcomments&post=5541"}],"version-history":[{"count":1,"href":"https:\/\/trabucoradio.com\/home\/index.php?rest_route=\/wp\/v2\/posts\/5541\/revisions"}],"predecessor-version":[{"id":5543,"href":"https:\/\/trabucoradio.com\/home\/index.php?rest_route=\/wp\/v2\/posts\/5541\/revisions\/5543"}],"wp:featuredmedia":[{"embeddable":true,"href":"https:\/\/trabucoradio.com\/home\/index.php?rest_route=\/wp\/v2\/media\/5542"}],"wp:attachment":[{"href":"https:\/\/trabucoradio.com\/home\/index.php?rest_route=%2Fwp%2Fv2%2Fmedia&parent=5541"}],"wp:term":[{"taxonomy":"category","embeddable":true,"href":"https:\/\/trabucoradio.com\/home\/index.php?rest_route=%2Fwp%2Fv2%2Fcategories&post=5541"},{"taxonomy":"post_tag","embeddable":true,"href":"https:\/\/trabucoradio.com\/home\/index.php?rest_route=%2Fwp%2Fv2%2Ftags&post=5541"}],"curies":[{"name":"wp","href":"https:\/\/api.w.org\/{rel}","templated":true}]}}