{"id":5532,"date":"2025-12-09T10:05:07","date_gmt":"2025-12-09T16:05:07","guid":{"rendered":"https:\/\/trabucoradio.com\/home\/?p=5532"},"modified":"2025-12-09T10:05:07","modified_gmt":"2025-12-09T16:05:07","slug":"proteccion-civil-tabasco-resguardara-caravana-navidena-y-evento-de-fatima-bosch","status":"publish","type":"post","link":"https:\/\/trabucoradio.com\/home\/?p=5532","title":{"rendered":"PROTECCI\u00d3N CIVIL TABASCO RESGUARDAR\u00c1 CARAVANA NAVIDE\u00d1A Y EVENTO DE F\u00c1TIMA BOSCH"},"content":{"rendered":"<p><strong>PROTECCI\u00d3N CIVIL TABASCO RESGUARDAR\u00c1 CARAVANA NAVIDE\u00d1A Y EVENTO DE F\u00c1TIMA BOSCH<\/strong><\/p>\n<p><strong>Protecci\u00f3n Civil del Estado de Tabasco<\/strong>\u00a0se mantendr\u00e1 en coordinaci\u00f3n con autoridades de seguridad y Cruz roja para el resguardo de la ciudadan\u00eda durante la\u00a0<strong>Caravana Navide\u00f1a<\/strong>, as\u00ed como el evento de recibimiento de la\u00a0<strong>Miss Universo 2025<\/strong>,\u00a0<strong>F\u00e1tima Bosch<\/strong>, que se realizar\u00e1n el pr\u00f3ximo fin de semana en\u00a0<strong>Villahermosa<\/strong>.<\/p>\n<p>El coordinador de Protecci\u00f3n Civil estatal, Armando Pulido Pardo, indic\u00f3 que se trabajar\u00e1 de forma coordinada con la <strong>Secretar\u00eda de Educaci\u00f3n P\u00fablica del estado<\/strong>, que es la encargada de organizar la caravana, para atender de forma inmediata a cualquier incidente que pueda presentarse durante este evento programado para el s\u00e1bado 13 de diciembre.<\/p>\n<p>Con respecto al recibimiento de F\u00e1tima Bosch el domingo 14 de diciembre, Pulido Pardo indic\u00f3 que Protecci\u00f3n Civil apoyar\u00e1 al equipo que acompa\u00f1a a la tabasque\u00f1a para el resguardo ante cualquier posible incidente, tanto en el recorrido como en el punto donde finalizar\u00e1 el mismo.<\/p>\n","protected":false},"excerpt":{"rendered":"<p>PROTECCI\u00d3N CIVIL TABASCO RESGUARDAR\u00c1 CARAVANA NAVIDE\u00d1A Y EVENTO DE F\u00c1TIMA BOSCH Protecci\u00f3n Civil del Estado de Tabasco\u00a0se mantendr\u00e1 en coordinaci\u00f3n con autoridades de seguridad y Cruz roja para el resguardo de la ciudadan\u00eda durante la\u00a0Caravana Navide\u00f1a, as\u00ed como el evento de recibimiento de la\u00a0Miss Universo 2025,\u00a0F\u00e1tima Bosch, que se realizar\u00e1n el pr\u00f3ximo fin de semana [&hellip;]<\/p>\n","protected":false},"author":1,"featured_media":5533,"comment_status":"open","ping_status":"open","sticky":false,"template":"","format":"standard","meta":{"footnotes":""},"categories":[4],"tags":[],"class_list":["post-5532","post","type-post","status-publish","format-standard","has-post-thumbnail","hentry","category-noticias"],"_links":{"self":[{"href":"https:\/\/trabucoradio.com\/home\/index.php?rest_route=\/wp\/v2\/posts\/5532","targetHints":{"allow":["GET"]}}],"collection":[{"href":"https:\/\/trabucoradio.com\/home\/index.php?rest_route=\/wp\/v2\/posts"}],"about":[{"href":"https:\/\/trabucoradio.com\/home\/index.php?rest_route=\/wp\/v2\/types\/post"}],"author":[{"embeddable":true,"href":"https:\/\/trabucoradio.com\/home\/index.php?rest_route=\/wp\/v2\/users\/1"}],"replies":[{"embeddable":true,"href":"https:\/\/trabucoradio.com\/home\/index.php?rest_route=%2Fwp%2Fv2%2Fcomments&post=5532"}],"version-history":[{"count":1,"href":"https:\/\/trabucoradio.com\/home\/index.php?rest_route=\/wp\/v2\/posts\/5532\/revisions"}],"predecessor-version":[{"id":5534,"href":"https:\/\/trabucoradio.com\/home\/index.php?rest_route=\/wp\/v2\/posts\/5532\/revisions\/5534"}],"wp:featuredmedia":[{"embeddable":true,"href":"https:\/\/trabucoradio.com\/home\/index.php?rest_route=\/wp\/v2\/media\/5533"}],"wp:attachment":[{"href":"https:\/\/trabucoradio.com\/home\/index.php?rest_route=%2Fwp%2Fv2%2Fmedia&parent=5532"}],"wp:term":[{"taxonomy":"category","embeddable":true,"href":"https:\/\/trabucoradio.com\/home\/index.php?rest_route=%2Fwp%2Fv2%2Fcategories&post=5532"},{"taxonomy":"post_tag","embeddable":true,"href":"https:\/\/trabucoradio.com\/home\/index.php?rest_route=%2Fwp%2Fv2%2Ftags&post=5532"}],"curies":[{"name":"wp","href":"https:\/\/api.w.org\/{rel}","templated":true}]}}