{"id":5526,"date":"2025-12-06T12:46:45","date_gmt":"2025-12-06T18:46:45","guid":{"rendered":"https:\/\/trabucoradio.com\/home\/?p=5526"},"modified":"2025-12-06T12:46:45","modified_gmt":"2025-12-06T18:46:45","slug":"arranca-en-2026-credencializacion-para-sistema-universal-de-salud-anuncia-sheinbaum-desde-el-zocalo","status":"publish","type":"post","link":"https:\/\/trabucoradio.com\/home\/?p=5526","title":{"rendered":"ARRANCA EN 2026 CREDENCIALIZACI\u00d3N PARA SISTEMA UNIVERSAL DE SALUD, ANUNCIA SHEINBAUM DESDE EL Z\u00d3CALO"},"content":{"rendered":"<p><strong>ARRANCA EN 2026 CREDENCIALIZACI\u00d3N PARA SISTEMA UNIVERSAL DE SALUD, ANUNCIA SHEINBAUM DESDE EL Z\u00d3CALO<\/strong><\/p>\n<p class=\"Typography_text-default__P3otY Typography_weight-normal__pqUbH Typography_text-default__P3otY Typography_weight-normal__pqUbH\">La presidenta Claudia Sheinbaum Pardo nunci\u00f3, ante un Z\u00f3calo lleno, que el pr\u00f3ximo a\u00f1o comenzar\u00e1n con la credencializaci\u00f3n de todos los mexicanos para el Sistema Universal de Salud.<\/p>\n<p class=\"Typography_text-default__P3otY Typography_weight-normal__pqUbH Typography_text-default__P3otY Typography_weight-normal__pqUbH\">El objetivo es que cada mexicano y mexicana sepan a qu\u00e9 cl\u00ednica deben asistir, sin importar que sean derechohabientes del IMSS, ISSSTE o IMSS-Bienestar.<\/p>\n","protected":false},"excerpt":{"rendered":"<p>ARRANCA EN 2026 CREDENCIALIZACI\u00d3N PARA SISTEMA UNIVERSAL DE SALUD, ANUNCIA SHEINBAUM DESDE EL Z\u00d3CALO La presidenta Claudia Sheinbaum Pardo nunci\u00f3, ante un Z\u00f3calo lleno, que el pr\u00f3ximo a\u00f1o comenzar\u00e1n con la credencializaci\u00f3n de todos los mexicanos para el Sistema Universal de Salud. El objetivo es que cada mexicano y mexicana sepan a qu\u00e9 cl\u00ednica deben [&hellip;]<\/p>\n","protected":false},"author":1,"featured_media":5527,"comment_status":"open","ping_status":"open","sticky":false,"template":"","format":"standard","meta":{"footnotes":""},"categories":[4,3],"tags":[],"class_list":["post-5526","post","type-post","status-publish","format-standard","has-post-thumbnail","hentry","category-noticias","category-politica"],"_links":{"self":[{"href":"https:\/\/trabucoradio.com\/home\/index.php?rest_route=\/wp\/v2\/posts\/5526","targetHints":{"allow":["GET"]}}],"collection":[{"href":"https:\/\/trabucoradio.com\/home\/index.php?rest_route=\/wp\/v2\/posts"}],"about":[{"href":"https:\/\/trabucoradio.com\/home\/index.php?rest_route=\/wp\/v2\/types\/post"}],"author":[{"embeddable":true,"href":"https:\/\/trabucoradio.com\/home\/index.php?rest_route=\/wp\/v2\/users\/1"}],"replies":[{"embeddable":true,"href":"https:\/\/trabucoradio.com\/home\/index.php?rest_route=%2Fwp%2Fv2%2Fcomments&post=5526"}],"version-history":[{"count":1,"href":"https:\/\/trabucoradio.com\/home\/index.php?rest_route=\/wp\/v2\/posts\/5526\/revisions"}],"predecessor-version":[{"id":5528,"href":"https:\/\/trabucoradio.com\/home\/index.php?rest_route=\/wp\/v2\/posts\/5526\/revisions\/5528"}],"wp:featuredmedia":[{"embeddable":true,"href":"https:\/\/trabucoradio.com\/home\/index.php?rest_route=\/wp\/v2\/media\/5527"}],"wp:attachment":[{"href":"https:\/\/trabucoradio.com\/home\/index.php?rest_route=%2Fwp%2Fv2%2Fmedia&parent=5526"}],"wp:term":[{"taxonomy":"category","embeddable":true,"href":"https:\/\/trabucoradio.com\/home\/index.php?rest_route=%2Fwp%2Fv2%2Fcategories&post=5526"},{"taxonomy":"post_tag","embeddable":true,"href":"https:\/\/trabucoradio.com\/home\/index.php?rest_route=%2Fwp%2Fv2%2Ftags&post=5526"}],"curies":[{"name":"wp","href":"https:\/\/api.w.org\/{rel}","templated":true}]}}