{"id":5523,"date":"2025-12-06T12:36:20","date_gmt":"2025-12-06T18:36:20","guid":{"rendered":"https:\/\/trabucoradio.com\/home\/?p=5523"},"modified":"2025-12-06T12:36:20","modified_gmt":"2025-12-06T18:36:20","slug":"ante-un-zocalo-repleto-sheinbaum-encabeza-celebracion-por-7-anos-de-la-4t","status":"publish","type":"post","link":"https:\/\/trabucoradio.com\/home\/?p=5523","title":{"rendered":"ANTE UN Z\u00d3CALO REPLETO, SHEINBAUM ENCABEZA CELEBRACI\u00d3N POR 7 A\u00d1OS DE LA 4T"},"content":{"rendered":"<p><strong>ANTE UN Z\u00d3CALO REPLETO, SHEINBAUM ENCABEZA CELEBRACI\u00d3N POR 7 A\u00d1OS DE LA 4T<\/strong><\/p>\n<p class=\"nota-justify\">Al encabezar el festejo por los siete a\u00f1os de la llegada a la Presidencia de la Rep\u00fablica de los gobiernos de la Transformaci\u00f3n, la presidenta Claudia Sheinbaum Pardo subray\u00f3: \u201cLlegamos al gobierno para dar continuidad y profundizar la Cuarta Transformaci\u00f3n de la vida p\u00fablica de M\u00e9xico\u201d.<\/p>\n<p class=\"nota-justify\">Ante miles de personas de diferentes grupos sindicales y populares que se congregaron en el Z\u00f3calo de la Ciudad de M\u00e9xico, la mandataria federal revir\u00f3 a las voces que han se\u00f1alado que los j\u00f3venes se oponen a la 4T.<\/p>\n<p class=\"nota-justify\">\u201cQue nadie se equivoque, que se oiga bien, fuerte y lejos: las y los j\u00f3venes est\u00e1n, en su gran mayor\u00ed,a con la transformaci\u00f3n de la vida p\u00fablica de M\u00e9xico\u201d. Asegur\u00f3 que son unas 600 mil personas las que se han dado cita en la Plaza de la Constituci\u00f3n y calles aleda\u00f1as para ser part\u00edcipes del festejo, quienes arengan: \u201cNo est\u00e1s sola, no est\u00e1s sola\u201d.<\/p>\n","protected":false},"excerpt":{"rendered":"<p>ANTE UN Z\u00d3CALO REPLETO, SHEINBAUM ENCABEZA CELEBRACI\u00d3N POR 7 A\u00d1OS DE LA 4T Al encabezar el festejo por los siete a\u00f1os de la llegada a la Presidencia de la Rep\u00fablica de los gobiernos de la Transformaci\u00f3n, la presidenta Claudia Sheinbaum Pardo subray\u00f3: \u201cLlegamos al gobierno para dar continuidad y profundizar la Cuarta Transformaci\u00f3n de la [&hellip;]<\/p>\n","protected":false},"author":1,"featured_media":5524,"comment_status":"open","ping_status":"open","sticky":false,"template":"","format":"standard","meta":{"footnotes":""},"categories":[4,3],"tags":[],"class_list":["post-5523","post","type-post","status-publish","format-standard","has-post-thumbnail","hentry","category-noticias","category-politica"],"_links":{"self":[{"href":"https:\/\/trabucoradio.com\/home\/index.php?rest_route=\/wp\/v2\/posts\/5523","targetHints":{"allow":["GET"]}}],"collection":[{"href":"https:\/\/trabucoradio.com\/home\/index.php?rest_route=\/wp\/v2\/posts"}],"about":[{"href":"https:\/\/trabucoradio.com\/home\/index.php?rest_route=\/wp\/v2\/types\/post"}],"author":[{"embeddable":true,"href":"https:\/\/trabucoradio.com\/home\/index.php?rest_route=\/wp\/v2\/users\/1"}],"replies":[{"embeddable":true,"href":"https:\/\/trabucoradio.com\/home\/index.php?rest_route=%2Fwp%2Fv2%2Fcomments&post=5523"}],"version-history":[{"count":1,"href":"https:\/\/trabucoradio.com\/home\/index.php?rest_route=\/wp\/v2\/posts\/5523\/revisions"}],"predecessor-version":[{"id":5525,"href":"https:\/\/trabucoradio.com\/home\/index.php?rest_route=\/wp\/v2\/posts\/5523\/revisions\/5525"}],"wp:featuredmedia":[{"embeddable":true,"href":"https:\/\/trabucoradio.com\/home\/index.php?rest_route=\/wp\/v2\/media\/5524"}],"wp:attachment":[{"href":"https:\/\/trabucoradio.com\/home\/index.php?rest_route=%2Fwp%2Fv2%2Fmedia&parent=5523"}],"wp:term":[{"taxonomy":"category","embeddable":true,"href":"https:\/\/trabucoradio.com\/home\/index.php?rest_route=%2Fwp%2Fv2%2Fcategories&post=5523"},{"taxonomy":"post_tag","embeddable":true,"href":"https:\/\/trabucoradio.com\/home\/index.php?rest_route=%2Fwp%2Fv2%2Ftags&post=5523"}],"curies":[{"name":"wp","href":"https:\/\/api.w.org\/{rel}","templated":true}]}}