{"id":5520,"date":"2025-12-06T12:33:20","date_gmt":"2025-12-06T18:33:20","guid":{"rendered":"https:\/\/trabucoradio.com\/home\/?p=5520"},"modified":"2025-12-06T12:33:20","modified_gmt":"2025-12-06T18:33:20","slug":"el-pri-es-inmortal-vamos-por-la-presidencia-en-2030-afirma-alejandro-moreno","status":"publish","type":"post","link":"https:\/\/trabucoradio.com\/home\/?p=5520","title":{"rendered":"\u201cEL PRI ES INMORTAL\u201d; VAMOS POR LA PRESIDENCIA EN 2030, AFIRMA ALEJANDRO MORENO"},"content":{"rendered":"<p><strong>\u201cEL PRI ES INMORTAL\u201d; VAMOS POR LA PRESIDENCIA EN 2030, AFIRMA ALEJANDRO MORENO<\/strong><\/p>\n<p class=\"s-s\">El dirigente nacional del PRI, Alejandro Moreno, declar\u00f3 que el partido est\u00e1 listo para ir solo en las elecciones del pr\u00f3ximo a\u00f1o, aunque afirm\u00f3 que si se da la coyuntura y voluntad de otras fuerzas pol\u00edticas de oposici\u00f3n, est\u00e1 dispuesto a dialogar y formar un gran frente para vencer a Morena.<\/p>\n<p>Incluso formul\u00f3 un \u201cgran llamado\u201d a quienes han dejado el tricolor para que regresen. \u201cLos que votaron antes por el PRI y ahora est\u00e1n en otras fuerzas pol\u00edticas tienen las puertas abiertas; son bienvenidos. Regresen a casa para dar la batalla por nuestro pa\u00eds\u201d, insisti\u00f3.<\/p>\n<p>En un largo discurso durante la instalaci\u00f3n del nuevo Consejo Pol\u00edtico Nacional, conformado por 345 perfiles, Moreno C\u00e1rdenas afirm\u00f3 que \u201cel PRI es inmortal\u201d y dar\u00e1 muestras de su fuerza empezando por Coahuila el pr\u00f3ximo a\u00f1o, al igual que en las 17 gubernaturas que se disputar\u00e1n en 2026.<\/p>\n","protected":false},"excerpt":{"rendered":"<p>\u201cEL PRI ES INMORTAL\u201d; VAMOS POR LA PRESIDENCIA EN 2030, AFIRMA ALEJANDRO MORENO El dirigente nacional del PRI, Alejandro Moreno, declar\u00f3 que el partido est\u00e1 listo para ir solo en las elecciones del pr\u00f3ximo a\u00f1o, aunque afirm\u00f3 que si se da la coyuntura y voluntad de otras fuerzas pol\u00edticas de oposici\u00f3n, est\u00e1 dispuesto a dialogar [&hellip;]<\/p>\n","protected":false},"author":1,"featured_media":5521,"comment_status":"open","ping_status":"open","sticky":false,"template":"","format":"standard","meta":{"footnotes":""},"categories":[3],"tags":[],"class_list":["post-5520","post","type-post","status-publish","format-standard","has-post-thumbnail","hentry","category-politica"],"_links":{"self":[{"href":"https:\/\/trabucoradio.com\/home\/index.php?rest_route=\/wp\/v2\/posts\/5520","targetHints":{"allow":["GET"]}}],"collection":[{"href":"https:\/\/trabucoradio.com\/home\/index.php?rest_route=\/wp\/v2\/posts"}],"about":[{"href":"https:\/\/trabucoradio.com\/home\/index.php?rest_route=\/wp\/v2\/types\/post"}],"author":[{"embeddable":true,"href":"https:\/\/trabucoradio.com\/home\/index.php?rest_route=\/wp\/v2\/users\/1"}],"replies":[{"embeddable":true,"href":"https:\/\/trabucoradio.com\/home\/index.php?rest_route=%2Fwp%2Fv2%2Fcomments&post=5520"}],"version-history":[{"count":1,"href":"https:\/\/trabucoradio.com\/home\/index.php?rest_route=\/wp\/v2\/posts\/5520\/revisions"}],"predecessor-version":[{"id":5522,"href":"https:\/\/trabucoradio.com\/home\/index.php?rest_route=\/wp\/v2\/posts\/5520\/revisions\/5522"}],"wp:featuredmedia":[{"embeddable":true,"href":"https:\/\/trabucoradio.com\/home\/index.php?rest_route=\/wp\/v2\/media\/5521"}],"wp:attachment":[{"href":"https:\/\/trabucoradio.com\/home\/index.php?rest_route=%2Fwp%2Fv2%2Fmedia&parent=5520"}],"wp:term":[{"taxonomy":"category","embeddable":true,"href":"https:\/\/trabucoradio.com\/home\/index.php?rest_route=%2Fwp%2Fv2%2Fcategories&post=5520"},{"taxonomy":"post_tag","embeddable":true,"href":"https:\/\/trabucoradio.com\/home\/index.php?rest_route=%2Fwp%2Fv2%2Ftags&post=5520"}],"curies":[{"name":"wp","href":"https:\/\/api.w.org\/{rel}","templated":true}]}}