{"id":5507,"date":"2025-12-05T12:56:52","date_gmt":"2025-12-05T18:56:52","guid":{"rendered":"https:\/\/trabucoradio.com\/home\/?p=5507"},"modified":"2025-12-05T12:56:52","modified_gmt":"2025-12-05T18:56:52","slug":"mexico-enfrentara-a-sudafrica-en-el-juego-inaugural-del-mundial-2026","status":"publish","type":"post","link":"https:\/\/trabucoradio.com\/home\/?p=5507","title":{"rendered":"M\u00c9XICO ENFRENTAR\u00c1 A SUD\u00c1FRICA EN EL JUEGO INAUGURAL DEL MUNDIAL 2026"},"content":{"rendered":"<p><strong>M\u00c9XICO ENFRENTAR\u00c1 A SUD\u00c1FRICA EN EL JUEGO INAUGURAL DEL MUNDIAL 2026<\/strong><\/p>\n<p>La Selecci\u00f3n de M\u00e9xico inaugura el Mundial de Futbol 2026 frente a Sud\u00e1frica \u00a0el 11 de junio en la cancha del Estadio Azteca, que se llamar\u00e1 Estadio Ciudad de M\u00e9xico durante la Copa.<\/p>\n","protected":false},"excerpt":{"rendered":"<p>M\u00c9XICO ENFRENTAR\u00c1 A SUD\u00c1FRICA EN EL JUEGO INAUGURAL DEL MUNDIAL 2026 La Selecci\u00f3n de M\u00e9xico inaugura el Mundial de Futbol 2026 frente a Sud\u00e1frica \u00a0el 11 de junio en la cancha del Estadio Azteca, que se llamar\u00e1 Estadio Ciudad de M\u00e9xico durante la Copa.<\/p>\n","protected":false},"author":1,"featured_media":5510,"comment_status":"open","ping_status":"open","sticky":false,"template":"","format":"standard","meta":{"footnotes":""},"categories":[6,4],"tags":[],"class_list":["post-5507","post","type-post","status-publish","format-standard","has-post-thumbnail","hentry","category-conoce","category-noticias"],"_links":{"self":[{"href":"https:\/\/trabucoradio.com\/home\/index.php?rest_route=\/wp\/v2\/posts\/5507","targetHints":{"allow":["GET"]}}],"collection":[{"href":"https:\/\/trabucoradio.com\/home\/index.php?rest_route=\/wp\/v2\/posts"}],"about":[{"href":"https:\/\/trabucoradio.com\/home\/index.php?rest_route=\/wp\/v2\/types\/post"}],"author":[{"embeddable":true,"href":"https:\/\/trabucoradio.com\/home\/index.php?rest_route=\/wp\/v2\/users\/1"}],"replies":[{"embeddable":true,"href":"https:\/\/trabucoradio.com\/home\/index.php?rest_route=%2Fwp%2Fv2%2Fcomments&post=5507"}],"version-history":[{"count":1,"href":"https:\/\/trabucoradio.com\/home\/index.php?rest_route=\/wp\/v2\/posts\/5507\/revisions"}],"predecessor-version":[{"id":5511,"href":"https:\/\/trabucoradio.com\/home\/index.php?rest_route=\/wp\/v2\/posts\/5507\/revisions\/5511"}],"wp:featuredmedia":[{"embeddable":true,"href":"https:\/\/trabucoradio.com\/home\/index.php?rest_route=\/wp\/v2\/media\/5510"}],"wp:attachment":[{"href":"https:\/\/trabucoradio.com\/home\/index.php?rest_route=%2Fwp%2Fv2%2Fmedia&parent=5507"}],"wp:term":[{"taxonomy":"category","embeddable":true,"href":"https:\/\/trabucoradio.com\/home\/index.php?rest_route=%2Fwp%2Fv2%2Fcategories&post=5507"},{"taxonomy":"post_tag","embeddable":true,"href":"https:\/\/trabucoradio.com\/home\/index.php?rest_route=%2Fwp%2Fv2%2Ftags&post=5507"}],"curies":[{"name":"wp","href":"https:\/\/api.w.org\/{rel}","templated":true}]}}