{"id":5497,"date":"2025-12-05T12:14:00","date_gmt":"2025-12-05T18:14:00","guid":{"rendered":"https:\/\/trabucoradio.com\/home\/?p=5497"},"modified":"2025-12-05T12:14:00","modified_gmt":"2025-12-05T18:14:00","slug":"sheinbaum-abre-el-sorteo-del-mundial-2026-junto-trump-y-carney","status":"publish","type":"post","link":"https:\/\/trabucoradio.com\/home\/?p=5497","title":{"rendered":"SHEINBAUM ABRE EL SORTEO DEL MUNDIAL 2026 JUNTO TRUMP Y CARNEY"},"content":{"rendered":"<p><strong>SHEINBAUM ABRE EL SORTEO DEL MUNDIAL 2026 JUNTO TRUMP Y CARNEY<\/strong><\/p>\n<p>&nbsp;<\/p>\n<p class=\"Typography_text-default__P3otY Typography_weight-normal__pqUbH Typography_text-default__P3otY Typography_weight-normal__pqUbH\">La presidenta Claudia Sheinbaum abri\u00f3 el sorteo del Mundial 2026 de la FIFA junto a Donald Trump, presidente de Estados Unidos, y Mark Carney, primer ministro de Canad\u00e1.<\/p>\n<p class=\"Typography_text-default__P3otY Typography_weight-normal__pqUbH Typography_text-default__P3otY Typography_weight-normal__pqUbH\">La presidenta fue la encargada de sacar de los bombos una de las bolas con las que se definen a los equipos integrantes de cada grupo para el torneo.<\/p>\n<p class=\"Typography_text-default__P3otY Typography_weight-normal__pqUbH Typography_text-default__P3otY Typography_weight-normal__pqUbH\">Cada uno de los mandatario sac\u00f3 la bola de sus respectivos pa\u00edses, que encabezar\u00e1n cada uno un grupo. \u201c\u00a1Viva M\u00e9xico!\u201d, dijo la presidenta al mostrar el papel con el nombre del pa\u00eds.<\/p>\n<p>Sheinbaum destac\u00f3 que M\u00e9xico es un pa\u00eds que disfruta del juego de pelota desde hace cientos de a\u00f1os, en referencia al deporte que practicaban los pueblos originarios antes de la conquista espa\u00f1ola.<\/p>\n","protected":false},"excerpt":{"rendered":"<p>SHEINBAUM ABRE EL SORTEO DEL MUNDIAL 2026 JUNTO TRUMP Y CARNEY &nbsp; La presidenta Claudia Sheinbaum abri\u00f3 el sorteo del Mundial 2026 de la FIFA junto a Donald Trump, presidente de Estados Unidos, y Mark Carney, primer ministro de Canad\u00e1. La presidenta fue la encargada de sacar de los bombos una de las bolas con [&hellip;]<\/p>\n","protected":false},"author":1,"featured_media":5499,"comment_status":"open","ping_status":"open","sticky":false,"template":"","format":"standard","meta":{"footnotes":""},"categories":[4],"tags":[],"class_list":["post-5497","post","type-post","status-publish","format-standard","has-post-thumbnail","hentry","category-noticias"],"_links":{"self":[{"href":"https:\/\/trabucoradio.com\/home\/index.php?rest_route=\/wp\/v2\/posts\/5497","targetHints":{"allow":["GET"]}}],"collection":[{"href":"https:\/\/trabucoradio.com\/home\/index.php?rest_route=\/wp\/v2\/posts"}],"about":[{"href":"https:\/\/trabucoradio.com\/home\/index.php?rest_route=\/wp\/v2\/types\/post"}],"author":[{"embeddable":true,"href":"https:\/\/trabucoradio.com\/home\/index.php?rest_route=\/wp\/v2\/users\/1"}],"replies":[{"embeddable":true,"href":"https:\/\/trabucoradio.com\/home\/index.php?rest_route=%2Fwp%2Fv2%2Fcomments&post=5497"}],"version-history":[{"count":1,"href":"https:\/\/trabucoradio.com\/home\/index.php?rest_route=\/wp\/v2\/posts\/5497\/revisions"}],"predecessor-version":[{"id":5500,"href":"https:\/\/trabucoradio.com\/home\/index.php?rest_route=\/wp\/v2\/posts\/5497\/revisions\/5500"}],"wp:featuredmedia":[{"embeddable":true,"href":"https:\/\/trabucoradio.com\/home\/index.php?rest_route=\/wp\/v2\/media\/5499"}],"wp:attachment":[{"href":"https:\/\/trabucoradio.com\/home\/index.php?rest_route=%2Fwp%2Fv2%2Fmedia&parent=5497"}],"wp:term":[{"taxonomy":"category","embeddable":true,"href":"https:\/\/trabucoradio.com\/home\/index.php?rest_route=%2Fwp%2Fv2%2Fcategories&post=5497"},{"taxonomy":"post_tag","embeddable":true,"href":"https:\/\/trabucoradio.com\/home\/index.php?rest_route=%2Fwp%2Fv2%2Ftags&post=5497"}],"curies":[{"name":"wp","href":"https:\/\/api.w.org\/{rel}","templated":true}]}}