{"id":5493,"date":"2025-12-04T09:10:38","date_gmt":"2025-12-04T15:10:38","guid":{"rendered":"https:\/\/trabucoradio.com\/home\/?p=5493"},"modified":"2025-12-04T09:10:38","modified_gmt":"2025-12-04T15:10:38","slug":"caravana-navidena-cambia-de-fecha-en-villahermosa","status":"publish","type":"post","link":"https:\/\/trabucoradio.com\/home\/?p=5493","title":{"rendered":"CARAVANA NAVIDE\u00d1A CAMBIA DE FECHA EN VILLAHERMOSA"},"content":{"rendered":"<p><strong>CARAVANA NAVIDE\u00d1A CAMBIA DE FECHA EN VILLAHERMOSA<\/strong><\/p>\n<p>El Gobierno de Tabasco dio a conocer el cambio de fecha de la<strong>\u00a0Caravana Navide\u00f1a 2025, que ahora ser\u00e1 el s\u00e1bado 13 de diciembre a partir de las 4 de la tarde.\u00a0<\/strong><\/p>\n<p>El recorrido empezar\u00e1 desde\u00a0<strong>Malec\u00f3n \u201cCarlos A. Madrazo\u201d esquina Paseo Tabasco y terminar\u00e1 en el Parque Tabasco \u201cDora Mar\u00eda\u201d.<\/strong><br \/>\nLa autoridad hace la invitaci\u00f3n a toda la familia tabasque\u00f1a\u00a0que vivan la magia de la\u00a0<strong>Navidad en un recorrido lleno de color, alegr\u00eda y esp\u00edritu festivo; habr\u00e1\u00a0regalos, luces y m\u00fasica.<\/strong><\/p>\n<p>Este\u00a0recorrido\u00a0coincidir\u00e1 con el inicio de la\u00a0Expo Navide\u00f1a\u00a0\u00ab<strong>La Magia del Ed\u00e9n\u00bb<\/strong>, que tambi\u00e9n se realizar\u00e1 en el\u00a0Parque Tabasco Dora Mar\u00eda; donde\u00a0contar\u00e1 con pista de hielo gratuita, concursos de nacimientos, pastorelas y villancicos.<\/p>\n<p>Cabe recordar que esta caravana se ten\u00eda prevista para el domingo 14 de diciembre.<\/p>\n","protected":false},"excerpt":{"rendered":"<p>CARAVANA NAVIDE\u00d1A CAMBIA DE FECHA EN VILLAHERMOSA El Gobierno de Tabasco dio a conocer el cambio de fecha de la\u00a0Caravana Navide\u00f1a 2025, que ahora ser\u00e1 el s\u00e1bado 13 de diciembre a partir de las 4 de la tarde.\u00a0 El recorrido empezar\u00e1 desde\u00a0Malec\u00f3n \u201cCarlos A. Madrazo\u201d esquina Paseo Tabasco y terminar\u00e1 en el Parque Tabasco \u201cDora [&hellip;]<\/p>\n","protected":false},"author":1,"featured_media":5494,"comment_status":"open","ping_status":"open","sticky":false,"template":"","format":"standard","meta":{"footnotes":""},"categories":[4],"tags":[],"class_list":["post-5493","post","type-post","status-publish","format-standard","has-post-thumbnail","hentry","category-noticias"],"_links":{"self":[{"href":"https:\/\/trabucoradio.com\/home\/index.php?rest_route=\/wp\/v2\/posts\/5493","targetHints":{"allow":["GET"]}}],"collection":[{"href":"https:\/\/trabucoradio.com\/home\/index.php?rest_route=\/wp\/v2\/posts"}],"about":[{"href":"https:\/\/trabucoradio.com\/home\/index.php?rest_route=\/wp\/v2\/types\/post"}],"author":[{"embeddable":true,"href":"https:\/\/trabucoradio.com\/home\/index.php?rest_route=\/wp\/v2\/users\/1"}],"replies":[{"embeddable":true,"href":"https:\/\/trabucoradio.com\/home\/index.php?rest_route=%2Fwp%2Fv2%2Fcomments&post=5493"}],"version-history":[{"count":1,"href":"https:\/\/trabucoradio.com\/home\/index.php?rest_route=\/wp\/v2\/posts\/5493\/revisions"}],"predecessor-version":[{"id":5495,"href":"https:\/\/trabucoradio.com\/home\/index.php?rest_route=\/wp\/v2\/posts\/5493\/revisions\/5495"}],"wp:featuredmedia":[{"embeddable":true,"href":"https:\/\/trabucoradio.com\/home\/index.php?rest_route=\/wp\/v2\/media\/5494"}],"wp:attachment":[{"href":"https:\/\/trabucoradio.com\/home\/index.php?rest_route=%2Fwp%2Fv2%2Fmedia&parent=5493"}],"wp:term":[{"taxonomy":"category","embeddable":true,"href":"https:\/\/trabucoradio.com\/home\/index.php?rest_route=%2Fwp%2Fv2%2Fcategories&post=5493"},{"taxonomy":"post_tag","embeddable":true,"href":"https:\/\/trabucoradio.com\/home\/index.php?rest_route=%2Fwp%2Fv2%2Ftags&post=5493"}],"curies":[{"name":"wp","href":"https:\/\/api.w.org\/{rel}","templated":true}]}}