{"id":5484,"date":"2025-12-03T10:52:59","date_gmt":"2025-12-03T16:52:59","guid":{"rendered":"https:\/\/trabucoradio.com\/home\/?p=5484"},"modified":"2025-12-03T10:52:59","modified_gmt":"2025-12-03T16:52:59","slug":"una-navidad-sin-frio-registrara-tabasco-la-temporada-invernal-se-preve-seco-calido","status":"publish","type":"post","link":"https:\/\/trabucoradio.com\/home\/?p=5484","title":{"rendered":"UNA NAVIDAD SIN FR\u00cdO REGISTRAR\u00c1 TABASCO. LA TEMPORADA INVERNAL SE PREV\u00c9 SECO- C\u00c1LIDO"},"content":{"rendered":"<p><strong>UNA NAVIDAD SIN FR\u00cdO REGISTRAR\u00c1 TABASCO. LA TEMPORADA INVERNAL SE PREV\u00c9 SECO- C\u00c1LIDO<\/strong><\/p>\n<p><strong>Tabasco<\/strong>\u00a0<strong>tendr\u00e1<\/strong>\u00a0<strong>una<\/strong>\u00a0<strong>navidad<\/strong>\u00a0<strong>c\u00e1lida<\/strong>, con\u00a0<strong>temperaturas<\/strong>\u00a0<strong>frescas<\/strong>\u00a0por las\u00a0<strong>madrugadas<\/strong>, de\u00a0<strong>18<\/strong>\u00a0a\u00a0<strong>20<\/strong>\u00a0<strong>grados<\/strong>, y\u00a0<strong>ambiente<\/strong>\u00a0<strong>caluroso<\/strong>\u00a0<strong>al<\/strong>\u00a0<strong>medio<\/strong>\u00a0<strong>d\u00eda<\/strong>, de acuerdo al pron\u00f3stico del Servicio Meteorol\u00f3gico Nacional (SMN).<\/p>\n<p>El jefe del \u00e1rea de meteorolog\u00eda de la direcci\u00f3n local de la Comisi\u00f3n Nacional del Agua (Conagua) Gerardo Alarc\u00f3n Ferreira, inform\u00f3 que, de acuerdo a las previsiones, se tendr\u00e1 un\u00a0<strong>invierno sin fr\u00edo\u00a0<\/strong>en\u00a0<strong>territorio<\/strong>\u00a0<strong>tabasque\u00f1o<\/strong>.<\/p>\n<p>Las\u00a0<strong>temperaturas<\/strong>\u00a0<strong>m\u00ednimas<\/strong>\u00a0estar\u00e1n por\u00a0<strong>arriba<\/strong>\u00a0<strong>del<\/strong>\u00a0<strong>promedio<\/strong>\u00a0<strong>de<\/strong>\u00a0<strong>la<\/strong>\u00a0<strong>temporada<\/strong>, que oscilan entre los 16 y 18 grados.<\/p>\n<p>La direcci\u00f3n local de la Conagua inform\u00f3 que, con base al pron\u00f3stico a corto tiempo, este mi\u00e9rcoles continuar\u00e1n una\u00a0madrugada fresca, y temperaturas que alcanzar\u00e1n los 35 grados,\u00a0 despu\u00e9s del medio d\u00eda.<\/p>\n","protected":false},"excerpt":{"rendered":"<p>UNA NAVIDAD SIN FR\u00cdO REGISTRAR\u00c1 TABASCO. LA TEMPORADA INVERNAL SE PREV\u00c9 SECO- C\u00c1LIDO Tabasco\u00a0tendr\u00e1\u00a0una\u00a0navidad\u00a0c\u00e1lida, con\u00a0temperaturas\u00a0frescas\u00a0por las\u00a0madrugadas, de\u00a018\u00a0a\u00a020\u00a0grados, y\u00a0ambiente\u00a0caluroso\u00a0al\u00a0medio\u00a0d\u00eda, de acuerdo al pron\u00f3stico del Servicio Meteorol\u00f3gico Nacional (SMN). El jefe del \u00e1rea de meteorolog\u00eda de la direcci\u00f3n local de la Comisi\u00f3n Nacional del Agua (Conagua) Gerardo Alarc\u00f3n Ferreira, inform\u00f3 que, de acuerdo a las previsiones, se [&hellip;]<\/p>\n","protected":false},"author":1,"featured_media":5485,"comment_status":"open","ping_status":"open","sticky":false,"template":"","format":"standard","meta":{"footnotes":""},"categories":[4],"tags":[],"class_list":["post-5484","post","type-post","status-publish","format-standard","has-post-thumbnail","hentry","category-noticias"],"_links":{"self":[{"href":"https:\/\/trabucoradio.com\/home\/index.php?rest_route=\/wp\/v2\/posts\/5484","targetHints":{"allow":["GET"]}}],"collection":[{"href":"https:\/\/trabucoradio.com\/home\/index.php?rest_route=\/wp\/v2\/posts"}],"about":[{"href":"https:\/\/trabucoradio.com\/home\/index.php?rest_route=\/wp\/v2\/types\/post"}],"author":[{"embeddable":true,"href":"https:\/\/trabucoradio.com\/home\/index.php?rest_route=\/wp\/v2\/users\/1"}],"replies":[{"embeddable":true,"href":"https:\/\/trabucoradio.com\/home\/index.php?rest_route=%2Fwp%2Fv2%2Fcomments&post=5484"}],"version-history":[{"count":1,"href":"https:\/\/trabucoradio.com\/home\/index.php?rest_route=\/wp\/v2\/posts\/5484\/revisions"}],"predecessor-version":[{"id":5486,"href":"https:\/\/trabucoradio.com\/home\/index.php?rest_route=\/wp\/v2\/posts\/5484\/revisions\/5486"}],"wp:featuredmedia":[{"embeddable":true,"href":"https:\/\/trabucoradio.com\/home\/index.php?rest_route=\/wp\/v2\/media\/5485"}],"wp:attachment":[{"href":"https:\/\/trabucoradio.com\/home\/index.php?rest_route=%2Fwp%2Fv2%2Fmedia&parent=5484"}],"wp:term":[{"taxonomy":"category","embeddable":true,"href":"https:\/\/trabucoradio.com\/home\/index.php?rest_route=%2Fwp%2Fv2%2Fcategories&post=5484"},{"taxonomy":"post_tag","embeddable":true,"href":"https:\/\/trabucoradio.com\/home\/index.php?rest_route=%2Fwp%2Fv2%2Ftags&post=5484"}],"curies":[{"name":"wp","href":"https:\/\/api.w.org\/{rel}","templated":true}]}}