{"id":5481,"date":"2025-12-03T10:46:42","date_gmt":"2025-12-03T16:46:42","guid":{"rendered":"https:\/\/trabucoradio.com\/home\/?p=5481"},"modified":"2025-12-03T10:46:42","modified_gmt":"2025-12-03T16:46:42","slug":"reduccion-de-la-jornada-laboral-a-40-horas-sera-a-partir-de-2027-informa-gobierno","status":"publish","type":"post","link":"https:\/\/trabucoradio.com\/home\/?p=5481","title":{"rendered":"REDUCCI\u00d3N DE LA JORNADA LABORAL A 40 HORAS SER\u00c1 A PARTIR DE 2027, INFORMA GOBIERNO"},"content":{"rendered":"<p><strong>REDUCCI\u00d3N DE LA JORNADA LABORAL A 40 HORAS SER\u00c1 A PARTIR DE 2027, INFORMA GOBIERNO<\/strong><\/p>\n<p>El\u00a0<strong>Gobierno de M\u00e9xico<\/strong>\u00a0present\u00f3 este mi\u00e9rcoles los lineamientos de la iniciativa para reducir la\u00a0<strong>jornada laboral<\/strong>\u00a0semanal de las actuales 48 a\u00a0<strong>40 horas<\/strong>, una reforma hist\u00f3rica que, seg\u00fan explicaron autoridades, \u201cser\u00e1 resultado de un amplio consenso\u201d y se implementar\u00e1 de manera gradual entre 2027 y 2030.<\/p>\n<p>As\u00ed lo indici\u00f3 Marath Bola\u00f1os,\u00a0<strong>secretario de Trabajo<\/strong>, al detallar que durante casi cinco meses se realizaron m\u00e1s de 40 foros y mesas de trabajo con la participaci\u00f3n de m\u00e1s de 2 mil representantes.<\/p>\n<p>Sostuvo que la evidencia internacional demuestra que \u201cel reducir la semana laboral trae beneficios no solo para las y los\u00a0<strong>trabajadores<\/strong>, sino tambi\u00e9n para las unidades econ\u00f3micas y para la econom\u00eda en general\u201d. Enumer\u00f3, en este sentido, mejoras en la productividad, la cohesi\u00f3n social, la salud y el equilibrio entre vida personal y laboral.<\/p>\n<p>La iniciativa establece que la jornada de 40 horas quedar\u00e1 definida en la Constituci\u00f3n y en la\u00a0<strong>Ley Federal del Trabajo<\/strong>, sin que ello implique reducci\u00f3n de sueldos, salarios o prestaciones, y tambi\u00e9n proh\u00edbe que menores de edad trabajen horas extra.<\/p>\n<p>La implementaci\u00f3n ser\u00e1 gradual: una reducci\u00f3n de dos horas por a\u00f1o a partir de 2027 hasta alcanzar las 40 horas en enero de 2030. El a\u00f1o 2026 funcionar\u00e1 como periodo de adecuaci\u00f3n para empresas y trabajadores.<\/p>\n","protected":false},"excerpt":{"rendered":"<p>REDUCCI\u00d3N DE LA JORNADA LABORAL A 40 HORAS SER\u00c1 A PARTIR DE 2027, INFORMA GOBIERNO El\u00a0Gobierno de M\u00e9xico\u00a0present\u00f3 este mi\u00e9rcoles los lineamientos de la iniciativa para reducir la\u00a0jornada laboral\u00a0semanal de las actuales 48 a\u00a040 horas, una reforma hist\u00f3rica que, seg\u00fan explicaron autoridades, \u201cser\u00e1 resultado de un amplio consenso\u201d y se implementar\u00e1 de manera gradual entre [&hellip;]<\/p>\n","protected":false},"author":1,"featured_media":5482,"comment_status":"open","ping_status":"open","sticky":false,"template":"","format":"standard","meta":{"footnotes":""},"categories":[4,3],"tags":[],"class_list":["post-5481","post","type-post","status-publish","format-standard","has-post-thumbnail","hentry","category-noticias","category-politica"],"_links":{"self":[{"href":"https:\/\/trabucoradio.com\/home\/index.php?rest_route=\/wp\/v2\/posts\/5481","targetHints":{"allow":["GET"]}}],"collection":[{"href":"https:\/\/trabucoradio.com\/home\/index.php?rest_route=\/wp\/v2\/posts"}],"about":[{"href":"https:\/\/trabucoradio.com\/home\/index.php?rest_route=\/wp\/v2\/types\/post"}],"author":[{"embeddable":true,"href":"https:\/\/trabucoradio.com\/home\/index.php?rest_route=\/wp\/v2\/users\/1"}],"replies":[{"embeddable":true,"href":"https:\/\/trabucoradio.com\/home\/index.php?rest_route=%2Fwp%2Fv2%2Fcomments&post=5481"}],"version-history":[{"count":1,"href":"https:\/\/trabucoradio.com\/home\/index.php?rest_route=\/wp\/v2\/posts\/5481\/revisions"}],"predecessor-version":[{"id":5483,"href":"https:\/\/trabucoradio.com\/home\/index.php?rest_route=\/wp\/v2\/posts\/5481\/revisions\/5483"}],"wp:featuredmedia":[{"embeddable":true,"href":"https:\/\/trabucoradio.com\/home\/index.php?rest_route=\/wp\/v2\/media\/5482"}],"wp:attachment":[{"href":"https:\/\/trabucoradio.com\/home\/index.php?rest_route=%2Fwp%2Fv2%2Fmedia&parent=5481"}],"wp:term":[{"taxonomy":"category","embeddable":true,"href":"https:\/\/trabucoradio.com\/home\/index.php?rest_route=%2Fwp%2Fv2%2Fcategories&post=5481"},{"taxonomy":"post_tag","embeddable":true,"href":"https:\/\/trabucoradio.com\/home\/index.php?rest_route=%2Fwp%2Fv2%2Ftags&post=5481"}],"curies":[{"name":"wp","href":"https:\/\/api.w.org\/{rel}","templated":true}]}}