{"id":5475,"date":"2025-12-03T10:27:39","date_gmt":"2025-12-03T16:27:39","guid":{"rendered":"https:\/\/trabucoradio.com\/home\/?p=5475"},"modified":"2025-12-03T10:27:39","modified_gmt":"2025-12-03T16:27:39","slug":"salario-minimo-aumentara-13-en-2026-pasa-de-278-8-a-315-04-diarios","status":"publish","type":"post","link":"https:\/\/trabucoradio.com\/home\/?p=5475","title":{"rendered":"SALARIO M\u00cdNIMO AUMENTAR\u00c1 13% EN 2026: PASA DE $278.8 A $315.04 DIARIOS"},"content":{"rendered":"<p><strong>SALARIO M\u00cdNIMO AUMENTAR\u00c1 13% EN 2026: PASA DE $278.8 A $315.04 DIARIOS<\/strong><\/p>\n<p>El secretario del Trabajo y Previsi\u00f3n Social, Marath Bola\u00f1os, anunci\u00f3 este mi\u00e9rcoles que para el 2026 el\u00a0<strong>salario m\u00ednimo\u00a0 en M\u00e9xico<\/strong>\u00a0tendr\u00e1 un aumento del\u00a0<strong>13 %<\/strong>, lo que representar\u00e1\u00a0<strong>315.04 pesos diarios<\/strong>\u00a0y 9 mil 582.47 pesos mensuales en la<strong>\u00a0Zona General.<\/strong><\/p>\n<p>En la Zona Libre de la\u00a0<strong>Frontera Norte<\/strong>, el incremento salarial ser\u00e1 del 5 %, es decir,\u00a0pasar\u00e1 de 419.88 pesos a<strong>\u00a0440.87 pesos diarios<\/strong>, equivalentes a 13 mil 409.80 pesos al mes.<\/p>\n<p>Bola\u00f1os se\u00f1al\u00f3 que este incremento es parte del compromiso constitucional y program\u00e1tico de la administraci\u00f3n para que el salario m\u00ednimo alcance el valor de 2.5 canastas b\u00e1sicas en 2030.<\/p>\n<p>\u00abCon este incremento calculamos que, al inicio del pr\u00f3ximo a\u00f1o, el salario m\u00ednimo podr\u00e1 haber recuperado 154.2% de su poder adquisitivo durante los gobiernos de la transformaci\u00f3n. Es el nivel m\u00e1s alto desde 1980\u00bb, afirm\u00f3 el secretario del Trabajo y Previsi\u00f3n Social.<\/p>\n<p>&nbsp;<\/p>\n","protected":false},"excerpt":{"rendered":"<p>SALARIO M\u00cdNIMO AUMENTAR\u00c1 13% EN 2026: PASA DE $278.8 A $315.04 DIARIOS El secretario del Trabajo y Previsi\u00f3n Social, Marath Bola\u00f1os, anunci\u00f3 este mi\u00e9rcoles que para el 2026 el\u00a0salario m\u00ednimo\u00a0 en M\u00e9xico\u00a0tendr\u00e1 un aumento del\u00a013 %, lo que representar\u00e1\u00a0315.04 pesos diarios\u00a0y 9 mil 582.47 pesos mensuales en la\u00a0Zona General. En la Zona Libre de la\u00a0Frontera [&hellip;]<\/p>\n","protected":false},"author":1,"featured_media":5476,"comment_status":"open","ping_status":"open","sticky":false,"template":"","format":"standard","meta":{"footnotes":""},"categories":[4,3],"tags":[],"class_list":["post-5475","post","type-post","status-publish","format-standard","has-post-thumbnail","hentry","category-noticias","category-politica"],"_links":{"self":[{"href":"https:\/\/trabucoradio.com\/home\/index.php?rest_route=\/wp\/v2\/posts\/5475","targetHints":{"allow":["GET"]}}],"collection":[{"href":"https:\/\/trabucoradio.com\/home\/index.php?rest_route=\/wp\/v2\/posts"}],"about":[{"href":"https:\/\/trabucoradio.com\/home\/index.php?rest_route=\/wp\/v2\/types\/post"}],"author":[{"embeddable":true,"href":"https:\/\/trabucoradio.com\/home\/index.php?rest_route=\/wp\/v2\/users\/1"}],"replies":[{"embeddable":true,"href":"https:\/\/trabucoradio.com\/home\/index.php?rest_route=%2Fwp%2Fv2%2Fcomments&post=5475"}],"version-history":[{"count":1,"href":"https:\/\/trabucoradio.com\/home\/index.php?rest_route=\/wp\/v2\/posts\/5475\/revisions"}],"predecessor-version":[{"id":5477,"href":"https:\/\/trabucoradio.com\/home\/index.php?rest_route=\/wp\/v2\/posts\/5475\/revisions\/5477"}],"wp:featuredmedia":[{"embeddable":true,"href":"https:\/\/trabucoradio.com\/home\/index.php?rest_route=\/wp\/v2\/media\/5476"}],"wp:attachment":[{"href":"https:\/\/trabucoradio.com\/home\/index.php?rest_route=%2Fwp%2Fv2%2Fmedia&parent=5475"}],"wp:term":[{"taxonomy":"category","embeddable":true,"href":"https:\/\/trabucoradio.com\/home\/index.php?rest_route=%2Fwp%2Fv2%2Fcategories&post=5475"},{"taxonomy":"post_tag","embeddable":true,"href":"https:\/\/trabucoradio.com\/home\/index.php?rest_route=%2Fwp%2Fv2%2Ftags&post=5475"}],"curies":[{"name":"wp","href":"https:\/\/api.w.org\/{rel}","templated":true}]}}