{"id":5463,"date":"2025-11-29T12:15:36","date_gmt":"2025-11-29T18:15:36","guid":{"rendered":"https:\/\/trabucoradio.com\/home\/?p=5463"},"modified":"2025-11-29T12:15:36","modified_gmt":"2025-11-29T18:15:36","slug":"hospital-de-cardenas-sera-inaugurado-en-febrero-o-marzo-senala-gobernador","status":"publish","type":"post","link":"https:\/\/trabucoradio.com\/home\/?p=5463","title":{"rendered":"HOSPITAL DE C\u00c1RDENAS SER\u00c1 INAUGURADO EN FEBRERO O MARZO, SE\u00d1ALA GOBERNADOR"},"content":{"rendered":"<p><strong>HOSPITAL DE C\u00c1RDENAS SER\u00c1 INAUGURADO EN FEBRERO O MARZO, SE\u00d1ALA GOBERNADOR<\/strong><\/p>\n<p>El hospital regional del\u00a0<strong>municipio de C\u00e1rdenas, podr\u00eda ser inaugurado finalmente en el mes de febrero o marzo, as\u00ed lo dio a conocer este s\u00e1bado el gobernador de Tabasco<\/strong>, Javier May Rodr\u00edguez.<\/p>\n<p>El mandatario dijo que ya se est\u00e1\u00a0<strong>concluyendo la fase de remodelaci\u00f3n y ahora se va a realizar los trabajos de equipamiento.<\/strong><\/p>\n<p>Incluso, May Rodr\u00edguez coment\u00f3 que, posiblemente, la presidenta de M\u00e9xico, Claudia Sheinbaum Pardo, visite el municipio de C\u00e1rdenas para participar en la inauguraci\u00f3n.<\/p>\n<p>Lo anterior fue revelado por el gobernador de Tabasco en su jornada de atenci\u00f3n al pueblo en la Villa Luis Gil P\u00e9rez.<\/p>\n<p>&nbsp;<\/p>\n","protected":false},"excerpt":{"rendered":"<p>HOSPITAL DE C\u00c1RDENAS SER\u00c1 INAUGURADO EN FEBRERO O MARZO, SE\u00d1ALA GOBERNADOR El hospital regional del\u00a0municipio de C\u00e1rdenas, podr\u00eda ser inaugurado finalmente en el mes de febrero o marzo, as\u00ed lo dio a conocer este s\u00e1bado el gobernador de Tabasco, Javier May Rodr\u00edguez. El mandatario dijo que ya se est\u00e1\u00a0concluyendo la fase de remodelaci\u00f3n y ahora [&hellip;]<\/p>\n","protected":false},"author":1,"featured_media":5464,"comment_status":"open","ping_status":"open","sticky":false,"template":"","format":"standard","meta":{"footnotes":""},"categories":[4,3],"tags":[],"class_list":["post-5463","post","type-post","status-publish","format-standard","has-post-thumbnail","hentry","category-noticias","category-politica"],"_links":{"self":[{"href":"https:\/\/trabucoradio.com\/home\/index.php?rest_route=\/wp\/v2\/posts\/5463","targetHints":{"allow":["GET"]}}],"collection":[{"href":"https:\/\/trabucoradio.com\/home\/index.php?rest_route=\/wp\/v2\/posts"}],"about":[{"href":"https:\/\/trabucoradio.com\/home\/index.php?rest_route=\/wp\/v2\/types\/post"}],"author":[{"embeddable":true,"href":"https:\/\/trabucoradio.com\/home\/index.php?rest_route=\/wp\/v2\/users\/1"}],"replies":[{"embeddable":true,"href":"https:\/\/trabucoradio.com\/home\/index.php?rest_route=%2Fwp%2Fv2%2Fcomments&post=5463"}],"version-history":[{"count":1,"href":"https:\/\/trabucoradio.com\/home\/index.php?rest_route=\/wp\/v2\/posts\/5463\/revisions"}],"predecessor-version":[{"id":5465,"href":"https:\/\/trabucoradio.com\/home\/index.php?rest_route=\/wp\/v2\/posts\/5463\/revisions\/5465"}],"wp:featuredmedia":[{"embeddable":true,"href":"https:\/\/trabucoradio.com\/home\/index.php?rest_route=\/wp\/v2\/media\/5464"}],"wp:attachment":[{"href":"https:\/\/trabucoradio.com\/home\/index.php?rest_route=%2Fwp%2Fv2%2Fmedia&parent=5463"}],"wp:term":[{"taxonomy":"category","embeddable":true,"href":"https:\/\/trabucoradio.com\/home\/index.php?rest_route=%2Fwp%2Fv2%2Fcategories&post=5463"},{"taxonomy":"post_tag","embeddable":true,"href":"https:\/\/trabucoradio.com\/home\/index.php?rest_route=%2Fwp%2Fv2%2Ftags&post=5463"}],"curies":[{"name":"wp","href":"https:\/\/api.w.org\/{rel}","templated":true}]}}