{"id":5460,"date":"2025-11-29T12:11:25","date_gmt":"2025-11-29T18:11:25","guid":{"rendered":"https:\/\/trabucoradio.com\/home\/?p=5460"},"modified":"2025-11-29T12:11:25","modified_gmt":"2025-11-29T18:11:25","slug":"mexico-suspende-las-importaciones-de-carne-de-cerdo-desde-espana-por-la-peste-porcina","status":"publish","type":"post","link":"https:\/\/trabucoradio.com\/home\/?p=5460","title":{"rendered":"M\u00c9XICO SUSPENDE LAS IMPORTACIONES DE CARNE DE CERDO DESDE ESPA\u00d1A POR LA PESTE PORCINA"},"content":{"rendered":"<p><strong>M\u00c9XICO SUSPENDE LAS IMPORTACIONES DE CARNE DE CERDO DESDE ESPA\u00d1A POR LA PESTE PORCINA<\/strong><\/p>\n<p>El<strong>\u00a0Gobierno de M\u00e9xico inform\u00f3 de la suspensi\u00f3n de importaciones de carne de cerdo de Espa\u00f1a por el brote de peste porcina africana<\/strong>\u00a0(PPA) que se ha detectado en la localidad de Cerdanyola del Vall\u00e8s (Barcelona).<\/p>\n<p>La Secretar\u00eda de Agricultura y Desarrollo Rural (Agricultura) de M\u00e9xico anunci\u00f3 la medida tras la detecci\u00f3n el viernes de dos jabal\u00edes silvestres positivos al virus de la PPA, el primer caso en el pa\u00eds europeo desde 1994.<\/p>\n<p>Por tal motivo, se\u00f1al\u00f3 Agricultura, el Servicio Nacional de Sanidad, Inocuidad y Calidad Agroalimentaria (Senasica) decidi\u00f3 suspender las importaciones,<strong>\u00a0\u00aben tanto se recibe informaci\u00f3n zoosanitaria sobre la atenci\u00f3n del brote\u00bb.<\/strong><\/p>\n<p>El Senasica puntualiz\u00f3 que est\u00e1 prohibido el ingreso a M\u00e9xico desde Espa\u00f1a de<strong>\u00a0\u00abcarne de cerdo, productos y subproductos como jamones o salchichas, productos madurados, despojos porcinos para consumo humano, ni materia prima para la elaboraci\u00f3n de alimento para mascotas\u00bb.<\/strong><\/p>\n","protected":false},"excerpt":{"rendered":"<p>M\u00c9XICO SUSPENDE LAS IMPORTACIONES DE CARNE DE CERDO DESDE ESPA\u00d1A POR LA PESTE PORCINA El\u00a0Gobierno de M\u00e9xico inform\u00f3 de la suspensi\u00f3n de importaciones de carne de cerdo de Espa\u00f1a por el brote de peste porcina africana\u00a0(PPA) que se ha detectado en la localidad de Cerdanyola del Vall\u00e8s (Barcelona). La Secretar\u00eda de Agricultura y Desarrollo Rural [&hellip;]<\/p>\n","protected":false},"author":1,"featured_media":5461,"comment_status":"open","ping_status":"open","sticky":false,"template":"","format":"standard","meta":{"footnotes":""},"categories":[4],"tags":[],"class_list":["post-5460","post","type-post","status-publish","format-standard","has-post-thumbnail","hentry","category-noticias"],"_links":{"self":[{"href":"https:\/\/trabucoradio.com\/home\/index.php?rest_route=\/wp\/v2\/posts\/5460","targetHints":{"allow":["GET"]}}],"collection":[{"href":"https:\/\/trabucoradio.com\/home\/index.php?rest_route=\/wp\/v2\/posts"}],"about":[{"href":"https:\/\/trabucoradio.com\/home\/index.php?rest_route=\/wp\/v2\/types\/post"}],"author":[{"embeddable":true,"href":"https:\/\/trabucoradio.com\/home\/index.php?rest_route=\/wp\/v2\/users\/1"}],"replies":[{"embeddable":true,"href":"https:\/\/trabucoradio.com\/home\/index.php?rest_route=%2Fwp%2Fv2%2Fcomments&post=5460"}],"version-history":[{"count":1,"href":"https:\/\/trabucoradio.com\/home\/index.php?rest_route=\/wp\/v2\/posts\/5460\/revisions"}],"predecessor-version":[{"id":5462,"href":"https:\/\/trabucoradio.com\/home\/index.php?rest_route=\/wp\/v2\/posts\/5460\/revisions\/5462"}],"wp:featuredmedia":[{"embeddable":true,"href":"https:\/\/trabucoradio.com\/home\/index.php?rest_route=\/wp\/v2\/media\/5461"}],"wp:attachment":[{"href":"https:\/\/trabucoradio.com\/home\/index.php?rest_route=%2Fwp%2Fv2%2Fmedia&parent=5460"}],"wp:term":[{"taxonomy":"category","embeddable":true,"href":"https:\/\/trabucoradio.com\/home\/index.php?rest_route=%2Fwp%2Fv2%2Fcategories&post=5460"},{"taxonomy":"post_tag","embeddable":true,"href":"https:\/\/trabucoradio.com\/home\/index.php?rest_route=%2Fwp%2Fv2%2Ftags&post=5460"}],"curies":[{"name":"wp","href":"https:\/\/api.w.org\/{rel}","templated":true}]}}