{"id":5457,"date":"2025-11-29T12:08:48","date_gmt":"2025-11-29T18:08:48","guid":{"rendered":"https:\/\/trabucoradio.com\/home\/?p=5457"},"modified":"2025-11-29T12:08:48","modified_gmt":"2025-11-29T18:08:48","slug":"vacunacion-invernal-registra-avance-casi-del-40-en-tabasco","status":"publish","type":"post","link":"https:\/\/trabucoradio.com\/home\/?p=5457","title":{"rendered":"VACUNACI\u00d3N INVERNAL REGISTRA AVANCE CASI DEL 40% EN TABASCO"},"content":{"rendered":"<p><strong>VACUNACI\u00d3N INVERNAL REGISTRA AVANCE CASI DEL 40% EN TABASCO<\/strong><\/p>\n<p>La\u00a0<strong>Secretar\u00eda<\/strong>\u00a0<strong>de<\/strong>\u00a0<strong>Salud<\/strong>\u00a0<strong>report\u00f3<\/strong>\u00a0un\u00a0<strong>avance<\/strong>\u00a0<strong>de casi el\u00a0<\/strong><strong>40%<\/strong>\u00a0en la\u00a0<strong>meta<\/strong>\u00a0de\u00a0<strong>vacunaci\u00f3n\u00a0<\/strong>para la temporada invernal.<\/p>\n<p>El titular de la dependencia Alejandro Calder\u00f3n Alipi, se\u00f1al\u00f3 que han tenido\u00a0<strong>buena<\/strong>\u00a0<strong>respuesta<\/strong>\u00a0de la\u00a0<strong>poblaci\u00f3n<\/strong>\u00a0en los\u00a0<strong>macro<\/strong>\u00a0<strong>centros<\/strong>\u00a0instalados en los 17 municipios.<\/p>\n<p>Aunque la campa\u00f1a de vacunaci\u00f3n concluye en abril de 2026,\u00a0<strong>invit\u00f3<\/strong>\u00a0a la\u00a0<strong>ciudadan\u00eda<\/strong>\u00a0a que\u00a0<strong>acudan<\/strong>\u00a0<strong>a<\/strong>\u00a0<strong>aplicarse<\/strong>\u00a0<strong>el<\/strong>\u00a0<strong>biol\u00f3gico<\/strong>\u00a0contra\u00a0<strong>influenza<\/strong>,\u00a0<strong>covid<\/strong>\u00a0<strong>y<\/strong>\u00a0<strong>neumococo<\/strong>, ante\u00a0el\u00a0<strong>descenso<\/strong>\u00a0de\u00a0<strong>temperatura<\/strong>\u00a0por las ma\u00f1anas.<\/p>\n","protected":false},"excerpt":{"rendered":"<p>VACUNACI\u00d3N INVERNAL REGISTRA AVANCE CASI DEL 40% EN TABASCO La\u00a0Secretar\u00eda\u00a0de\u00a0Salud\u00a0report\u00f3\u00a0un\u00a0avance\u00a0de casi el\u00a040%\u00a0en la\u00a0meta\u00a0de\u00a0vacunaci\u00f3n\u00a0para la temporada invernal. El titular de la dependencia Alejandro Calder\u00f3n Alipi, se\u00f1al\u00f3 que han tenido\u00a0buena\u00a0respuesta\u00a0de la\u00a0poblaci\u00f3n\u00a0en los\u00a0macro\u00a0centros\u00a0instalados en los 17 municipios. Aunque la campa\u00f1a de vacunaci\u00f3n concluye en abril de 2026,\u00a0invit\u00f3\u00a0a la\u00a0ciudadan\u00eda\u00a0a que\u00a0acudan\u00a0a\u00a0aplicarse\u00a0el\u00a0biol\u00f3gico\u00a0contra\u00a0influenza,\u00a0covid\u00a0y\u00a0neumococo, ante\u00a0el\u00a0descenso\u00a0de\u00a0temperatura\u00a0por las ma\u00f1anas.<\/p>\n","protected":false},"author":1,"featured_media":5458,"comment_status":"open","ping_status":"open","sticky":false,"template":"","format":"standard","meta":{"footnotes":""},"categories":[4],"tags":[],"class_list":["post-5457","post","type-post","status-publish","format-standard","has-post-thumbnail","hentry","category-noticias"],"_links":{"self":[{"href":"https:\/\/trabucoradio.com\/home\/index.php?rest_route=\/wp\/v2\/posts\/5457","targetHints":{"allow":["GET"]}}],"collection":[{"href":"https:\/\/trabucoradio.com\/home\/index.php?rest_route=\/wp\/v2\/posts"}],"about":[{"href":"https:\/\/trabucoradio.com\/home\/index.php?rest_route=\/wp\/v2\/types\/post"}],"author":[{"embeddable":true,"href":"https:\/\/trabucoradio.com\/home\/index.php?rest_route=\/wp\/v2\/users\/1"}],"replies":[{"embeddable":true,"href":"https:\/\/trabucoradio.com\/home\/index.php?rest_route=%2Fwp%2Fv2%2Fcomments&post=5457"}],"version-history":[{"count":1,"href":"https:\/\/trabucoradio.com\/home\/index.php?rest_route=\/wp\/v2\/posts\/5457\/revisions"}],"predecessor-version":[{"id":5459,"href":"https:\/\/trabucoradio.com\/home\/index.php?rest_route=\/wp\/v2\/posts\/5457\/revisions\/5459"}],"wp:featuredmedia":[{"embeddable":true,"href":"https:\/\/trabucoradio.com\/home\/index.php?rest_route=\/wp\/v2\/media\/5458"}],"wp:attachment":[{"href":"https:\/\/trabucoradio.com\/home\/index.php?rest_route=%2Fwp%2Fv2%2Fmedia&parent=5457"}],"wp:term":[{"taxonomy":"category","embeddable":true,"href":"https:\/\/trabucoradio.com\/home\/index.php?rest_route=%2Fwp%2Fv2%2Fcategories&post=5457"},{"taxonomy":"post_tag","embeddable":true,"href":"https:\/\/trabucoradio.com\/home\/index.php?rest_route=%2Fwp%2Fv2%2Ftags&post=5457"}],"curies":[{"name":"wp","href":"https:\/\/api.w.org\/{rel}","templated":true}]}}