{"id":5451,"date":"2025-11-28T09:33:38","date_gmt":"2025-11-28T15:33:38","guid":{"rendered":"https:\/\/trabucoradio.com\/home\/?p=5451"},"modified":"2025-11-28T09:33:38","modified_gmt":"2025-11-28T15:33:38","slug":"mexico-el-pais-de-america-latina-que-mas-se-redujo-la-pobreza","status":"publish","type":"post","link":"https:\/\/trabucoradio.com\/home\/?p=5451","title":{"rendered":"M\u00c9XICO, EL PA\u00cdS DE AM\u00c9RICA LATINA QUE M\u00c1S SE REDUJO LA POBREZA"},"content":{"rendered":"<p><strong>M\u00c9XICO, EL PA\u00cdS DE AM\u00c9RICA LATINA QUE M\u00c1S SE REDUJO LA POBREZA<\/strong><\/p>\n<p><span style=\"font-size: medium;\"><strong>M\u00e9xico<\/strong>\u00a0es el pa\u00eds de Am\u00e9rica Latina y el Caribe donde m\u00e1s se redujo la pobreza y\u00a0<strong>pobreza extrema<\/strong>, durante la \u00faltima d\u00e9cada, report\u00f3 la Comisi\u00f3n Econ\u00f3mica para Am\u00e9rica Latina y el Caribe (<strong>Cepal<\/strong>).<\/span><\/p>\n<p><span style=\"font-size: medium;\">De acuerdo con\u00a0<strong>Jos\u00e9 Manuel Salazar-Xirinachs<\/strong>, secretario ejecutivo de la\u00a0<strong>Cepal<\/strong>, nuestro gobierno, junto con\u00a0<strong>Brasil<\/strong>, inclin\u00f3 la balanza en la baja de la pobreza en toda la regi\u00f3n, particularmente en el \u00faltimo a\u00f1o.<\/span><\/p>\n<p><span style=\"font-size: medium;\">El funcionario explic\u00f3 que \u00aben\u00a0<strong>M\u00e9xico<\/strong>, de los 3 puntos porcentuales de\u00a0<strong>reducci\u00f3n<\/strong>, 2 puntos se explican por una mejora en los\u00a0<strong>salarios<\/strong>, impulsados en buena medida por el fuerte incremento del salario m\u00ednimo, que fue de alrededor de 135 por ciento real entre 2018 y 2025&#8243;.<\/span><\/p>\n<p>Durante la presentaci\u00f3n del Panorama Social de Am\u00e9rica Latina y el Caribe 2025, Salazar-Xirinachs destac\u00f3 que las\u00a0<strong>becas universales<\/strong>, las transferencias a poblaciones vulnerables y la ampliaci\u00f3n de pensiones a adultos mayores, fueron parte importante para la disminuci\u00f3n de la problem\u00e1tica.<\/p>\n","protected":false},"excerpt":{"rendered":"<p>M\u00c9XICO, EL PA\u00cdS DE AM\u00c9RICA LATINA QUE M\u00c1S SE REDUJO LA POBREZA M\u00e9xico\u00a0es el pa\u00eds de Am\u00e9rica Latina y el Caribe donde m\u00e1s se redujo la pobreza y\u00a0pobreza extrema, durante la \u00faltima d\u00e9cada, report\u00f3 la Comisi\u00f3n Econ\u00f3mica para Am\u00e9rica Latina y el Caribe (Cepal). De acuerdo con\u00a0Jos\u00e9 Manuel Salazar-Xirinachs, secretario ejecutivo de la\u00a0Cepal, nuestro gobierno, [&hellip;]<\/p>\n","protected":false},"author":1,"featured_media":5452,"comment_status":"open","ping_status":"open","sticky":false,"template":"","format":"standard","meta":{"footnotes":""},"categories":[4],"tags":[],"class_list":["post-5451","post","type-post","status-publish","format-standard","has-post-thumbnail","hentry","category-noticias"],"_links":{"self":[{"href":"https:\/\/trabucoradio.com\/home\/index.php?rest_route=\/wp\/v2\/posts\/5451","targetHints":{"allow":["GET"]}}],"collection":[{"href":"https:\/\/trabucoradio.com\/home\/index.php?rest_route=\/wp\/v2\/posts"}],"about":[{"href":"https:\/\/trabucoradio.com\/home\/index.php?rest_route=\/wp\/v2\/types\/post"}],"author":[{"embeddable":true,"href":"https:\/\/trabucoradio.com\/home\/index.php?rest_route=\/wp\/v2\/users\/1"}],"replies":[{"embeddable":true,"href":"https:\/\/trabucoradio.com\/home\/index.php?rest_route=%2Fwp%2Fv2%2Fcomments&post=5451"}],"version-history":[{"count":1,"href":"https:\/\/trabucoradio.com\/home\/index.php?rest_route=\/wp\/v2\/posts\/5451\/revisions"}],"predecessor-version":[{"id":5453,"href":"https:\/\/trabucoradio.com\/home\/index.php?rest_route=\/wp\/v2\/posts\/5451\/revisions\/5453"}],"wp:featuredmedia":[{"embeddable":true,"href":"https:\/\/trabucoradio.com\/home\/index.php?rest_route=\/wp\/v2\/media\/5452"}],"wp:attachment":[{"href":"https:\/\/trabucoradio.com\/home\/index.php?rest_route=%2Fwp%2Fv2%2Fmedia&parent=5451"}],"wp:term":[{"taxonomy":"category","embeddable":true,"href":"https:\/\/trabucoradio.com\/home\/index.php?rest_route=%2Fwp%2Fv2%2Fcategories&post=5451"},{"taxonomy":"post_tag","embeddable":true,"href":"https:\/\/trabucoradio.com\/home\/index.php?rest_route=%2Fwp%2Fv2%2Ftags&post=5451"}],"curies":[{"name":"wp","href":"https:\/\/api.w.org\/{rel}","templated":true}]}}