{"id":5445,"date":"2025-11-28T09:25:18","date_gmt":"2025-11-28T15:25:18","guid":{"rendered":"https:\/\/trabucoradio.com\/home\/?p=5445"},"modified":"2025-11-28T09:25:18","modified_gmt":"2025-11-28T15:25:18","slug":"tasa-de-desempleo-en-mexico-llega-al-2-6-en-octubre-revela-inegi","status":"publish","type":"post","link":"https:\/\/trabucoradio.com\/home\/?p=5445","title":{"rendered":"TASA DE DESEMPLEO EN M\u00c9XICO LLEGA AL 2.6% EN OCTUBRE, REVELA INEGI"},"content":{"rendered":"<p><strong>TASA DE DESEMPLEO EN M\u00c9XICO LLEGA AL 2.6% EN OCTUBRE, REVELA INEGI<\/strong><\/p>\n<p>La\u00a0<strong>tasa de desempleo<\/strong>\u00a0en\u00a0<strong>M\u00e9xico<\/strong>\u00a0lleg\u00f3 en\u00a0<strong>octubre<\/strong>\u00a0pasado al 2,6 % de la\u00a0<strong>Poblaci\u00f3n Econ\u00f3micamente Activa<\/strong>\u00a0(PEA), inform\u00f3 este viernes el\u00a0<strong>Instituto Nacional de Estad\u00edstica y Geograf\u00eda\u00a0<\/strong>(Inegi).<\/p>\n<p>El dato sobre desempleo es menor al \u00edndice del 2,5 % del mismo mes de 2024, aunque menor al de 3 % de septiembre pasado, precis\u00f3 el organismo aut\u00f3nomo en su reporte.<\/p>\n<p>La poblaci\u00f3n desocupada fue de 1,6 millones de personas y la\u00a0<strong>tasa de desocupaci\u00f3n<\/strong>\u00a0(TD), de 2,6 % de la PEA. Respecto a octubre de 2024, la poblaci\u00f3n desocupada aument\u00f3 en 96 mil personas y la TD fue mayor en 0,1 puntos porcentuales, detall\u00f3 el Inegi.<\/p>\n<p>La PEA del d\u00e9cimo mes del a\u00f1o lleg\u00f3 a 62,5 millones de personas de 15 a\u00f1os y m\u00e1s, lo que represent\u00f3 una tasa de participaci\u00f3n de 59,9 % y una\u00a0<strong>poblaci\u00f3n activa<\/strong>\u00a0mayor en 1,1 millones a la de octubre de 2024.<\/p>\n","protected":false},"excerpt":{"rendered":"<p>TASA DE DESEMPLEO EN M\u00c9XICO LLEGA AL 2.6% EN OCTUBRE, REVELA INEGI La\u00a0tasa de desempleo\u00a0en\u00a0M\u00e9xico\u00a0lleg\u00f3 en\u00a0octubre\u00a0pasado al 2,6 % de la\u00a0Poblaci\u00f3n Econ\u00f3micamente Activa\u00a0(PEA), inform\u00f3 este viernes el\u00a0Instituto Nacional de Estad\u00edstica y Geograf\u00eda\u00a0(Inegi). El dato sobre desempleo es menor al \u00edndice del 2,5 % del mismo mes de 2024, aunque menor al de 3 % de [&hellip;]<\/p>\n","protected":false},"author":1,"featured_media":5446,"comment_status":"open","ping_status":"open","sticky":false,"template":"","format":"standard","meta":{"footnotes":""},"categories":[4,3],"tags":[],"class_list":["post-5445","post","type-post","status-publish","format-standard","has-post-thumbnail","hentry","category-noticias","category-politica"],"_links":{"self":[{"href":"https:\/\/trabucoradio.com\/home\/index.php?rest_route=\/wp\/v2\/posts\/5445","targetHints":{"allow":["GET"]}}],"collection":[{"href":"https:\/\/trabucoradio.com\/home\/index.php?rest_route=\/wp\/v2\/posts"}],"about":[{"href":"https:\/\/trabucoradio.com\/home\/index.php?rest_route=\/wp\/v2\/types\/post"}],"author":[{"embeddable":true,"href":"https:\/\/trabucoradio.com\/home\/index.php?rest_route=\/wp\/v2\/users\/1"}],"replies":[{"embeddable":true,"href":"https:\/\/trabucoradio.com\/home\/index.php?rest_route=%2Fwp%2Fv2%2Fcomments&post=5445"}],"version-history":[{"count":1,"href":"https:\/\/trabucoradio.com\/home\/index.php?rest_route=\/wp\/v2\/posts\/5445\/revisions"}],"predecessor-version":[{"id":5447,"href":"https:\/\/trabucoradio.com\/home\/index.php?rest_route=\/wp\/v2\/posts\/5445\/revisions\/5447"}],"wp:featuredmedia":[{"embeddable":true,"href":"https:\/\/trabucoradio.com\/home\/index.php?rest_route=\/wp\/v2\/media\/5446"}],"wp:attachment":[{"href":"https:\/\/trabucoradio.com\/home\/index.php?rest_route=%2Fwp%2Fv2%2Fmedia&parent=5445"}],"wp:term":[{"taxonomy":"category","embeddable":true,"href":"https:\/\/trabucoradio.com\/home\/index.php?rest_route=%2Fwp%2Fv2%2Fcategories&post=5445"},{"taxonomy":"post_tag","embeddable":true,"href":"https:\/\/trabucoradio.com\/home\/index.php?rest_route=%2Fwp%2Fv2%2Ftags&post=5445"}],"curies":[{"name":"wp","href":"https:\/\/api.w.org\/{rel}","templated":true}]}}