{"id":5442,"date":"2025-11-28T09:18:58","date_gmt":"2025-11-28T15:18:58","guid":{"rendered":"https:\/\/trabucoradio.com\/home\/?p=5442"},"modified":"2025-11-28T09:18:58","modified_gmt":"2025-11-28T15:18:58","slug":"adan-augusto-lopez-niega-intervencion-en-renuncia-de-gertz-como-titular-de-la-fgr","status":"publish","type":"post","link":"https:\/\/trabucoradio.com\/home\/?p=5442","title":{"rendered":"AD\u00c1N AUGUSTO L\u00d3PEZ NIEGA INTERVENCI\u00d3N EN RENUNCIA DE GERTZ COMO TITULAR DE LA FGR"},"content":{"rendered":"<p><strong>AD\u00c1N AUGUSTO L\u00d3PEZ NIEGA INTERVENCI\u00d3N EN RENUNCIA DE GERTZ COMO TITULAR DE LA FGR<\/strong><\/p>\n<p>El coordinador de Morena en el Senado,\u00a0<strong>Ad\u00e1n Augusto L\u00f3pez Hern\u00e1ndez<\/strong>, asegur\u00f3 que no presion\u00f3 a\u00a0<strong>Alejandro Gertz Manero<\/strong>\u00a0para que saliera de la\u00a0<strong>Fiscal\u00eda General de la Rep\u00fablica<\/strong>\u00a0(FGR), negando as\u00ed la supuesta intervenci\u00f3n pol\u00edtica de su parte en esta renuncia.<\/p>\n<p>Al terminar la sesi\u00f3n donde se aprob\u00f3 la renuncia del fiscal, L\u00f3pez Hern\u00e1ndez afirm\u00f3 que ni el Senado ni \u00e9l enviaron un documento a la presidenta\u00a0<strong>Claudia Sheinbaum<\/strong>, quien lo dio a conocer el jueves. En este sentido, afirm\u00f3 que su reuni\u00f3n con Sheinbaum el mi\u00e9rcoles no fue para hablar acerca de la salida de Gertz Manero.<\/p>\n<p>Aclar\u00f3 que se reuni\u00f3 con la consejera jur\u00eddica de la presidencia,\u00a0<strong>Ernestina Godoy<\/strong>, para informar \u201cal Ejecutivo que hab\u00edan sido aprobados los nombramientos de los magistrados (del Tribunal Federal de Justicia Administrativa)\u201d.<\/p>\n<p>Y es que Ernestina Godoy fue nombrada por Gertz Manero como titular de la\u00a0<strong>Fiscal\u00eda Especializada de Control Competencial\u00a0<\/strong>(FECOC), y se espera que tome protesta para el cargo y, posteriormente, sea elegida oficialmente como titular de la FGR.<\/p>\n","protected":false},"excerpt":{"rendered":"<p>AD\u00c1N AUGUSTO L\u00d3PEZ NIEGA INTERVENCI\u00d3N EN RENUNCIA DE GERTZ COMO TITULAR DE LA FGR El coordinador de Morena en el Senado,\u00a0Ad\u00e1n Augusto L\u00f3pez Hern\u00e1ndez, asegur\u00f3 que no presion\u00f3 a\u00a0Alejandro Gertz Manero\u00a0para que saliera de la\u00a0Fiscal\u00eda General de la Rep\u00fablica\u00a0(FGR), negando as\u00ed la supuesta intervenci\u00f3n pol\u00edtica de su parte en esta renuncia. Al terminar la sesi\u00f3n [&hellip;]<\/p>\n","protected":false},"author":1,"featured_media":5443,"comment_status":"open","ping_status":"open","sticky":false,"template":"","format":"standard","meta":{"footnotes":""},"categories":[4,3],"tags":[],"class_list":["post-5442","post","type-post","status-publish","format-standard","has-post-thumbnail","hentry","category-noticias","category-politica"],"_links":{"self":[{"href":"https:\/\/trabucoradio.com\/home\/index.php?rest_route=\/wp\/v2\/posts\/5442","targetHints":{"allow":["GET"]}}],"collection":[{"href":"https:\/\/trabucoradio.com\/home\/index.php?rest_route=\/wp\/v2\/posts"}],"about":[{"href":"https:\/\/trabucoradio.com\/home\/index.php?rest_route=\/wp\/v2\/types\/post"}],"author":[{"embeddable":true,"href":"https:\/\/trabucoradio.com\/home\/index.php?rest_route=\/wp\/v2\/users\/1"}],"replies":[{"embeddable":true,"href":"https:\/\/trabucoradio.com\/home\/index.php?rest_route=%2Fwp%2Fv2%2Fcomments&post=5442"}],"version-history":[{"count":1,"href":"https:\/\/trabucoradio.com\/home\/index.php?rest_route=\/wp\/v2\/posts\/5442\/revisions"}],"predecessor-version":[{"id":5444,"href":"https:\/\/trabucoradio.com\/home\/index.php?rest_route=\/wp\/v2\/posts\/5442\/revisions\/5444"}],"wp:featuredmedia":[{"embeddable":true,"href":"https:\/\/trabucoradio.com\/home\/index.php?rest_route=\/wp\/v2\/media\/5443"}],"wp:attachment":[{"href":"https:\/\/trabucoradio.com\/home\/index.php?rest_route=%2Fwp%2Fv2%2Fmedia&parent=5442"}],"wp:term":[{"taxonomy":"category","embeddable":true,"href":"https:\/\/trabucoradio.com\/home\/index.php?rest_route=%2Fwp%2Fv2%2Fcategories&post=5442"},{"taxonomy":"post_tag","embeddable":true,"href":"https:\/\/trabucoradio.com\/home\/index.php?rest_route=%2Fwp%2Fv2%2Ftags&post=5442"}],"curies":[{"name":"wp","href":"https:\/\/api.w.org\/{rel}","templated":true}]}}