{"id":5437,"date":"2025-11-26T08:41:46","date_gmt":"2025-11-26T14:41:46","guid":{"rendered":"https:\/\/trabucoradio.com\/home\/?p=5437"},"modified":"2025-11-26T08:41:46","modified_gmt":"2025-11-26T14:41:46","slug":"tasa-de-desempleo-en-mexico-queda-en-2-9-en-tercer-trimestre-de-2025","status":"publish","type":"post","link":"https:\/\/trabucoradio.com\/home\/?p=5437","title":{"rendered":"TASA DE DESEMPLEO EN M\u00c9XICO QUEDA EN 2.9% EN TERCER TRIMESTRE DE 2025"},"content":{"rendered":"<p><strong>TASA DE DESEMPLEO EN M\u00c9XICO QUEDA EN 2.9% EN TERCER TRIMESTRE DE 2025<\/strong><\/p>\n<p>La\u00a0<strong>tasa de desempleo en M\u00e9xico<\/strong>\u00a0descendi\u00f3 en el\u00a0<strong>tercer trimestre<\/strong>\u00a0de este a\u00f1o a un 2,9 % de la\u00a0<strong>poblaci\u00f3n econ\u00f3micamente activa<\/strong>\u00a0(PEA), un dato inferior al 3 % del mismo periodo de 2024, inform\u00f3 este mi\u00e9rcoles el\u00a0<strong>Instituto Nacional de Estad\u00edstica y Geograf\u00eda<\/strong>\u00a0(Inegi).<\/p>\n<p>\u201cEn el trimestre julio-septiembre de 2025, la poblaci\u00f3n desocupada sum\u00f3 1,8 millones de personas, cantidad que represent\u00f3 una\u00a0<strong>tasa de desocupaci\u00f3n<\/strong>\u00a0(TD) de 2,9 % de la PEA, porcentaje menor al del mismo trimestre de un a\u00f1o antes (3 %)\u201d, indic\u00f3 el organismo aut\u00f3nomo en su reporte.<\/p>\n<p>La PEA totaliz\u00f3 61,3 millones de personas, una ca\u00edda de 67 mil frente al mismo lapso de 2024, mientras que la poblaci\u00f3n ocupada creci\u00f3 en 5 mil hasta las 59,5 millones de personas. Por otro lado, 4,3 millones de personas estuvieron\u00a0<strong>subocupadas<\/strong>, es decir, que reportaron tener la necesidad y voluntad de trabajar m\u00e1s horas.<\/p>\n<p>Por regiones, las entidades que durante el tercer trimestre de 2025 tuvieron las tasas de desocupaci\u00f3n m\u00e1s altas fueron Tabasco (4,8 %), Coahuila y Ciudad de M\u00e9xico (3,9 %) y Sonora (3,5 %).<\/p>\n","protected":false},"excerpt":{"rendered":"<p>TASA DE DESEMPLEO EN M\u00c9XICO QUEDA EN 2.9% EN TERCER TRIMESTRE DE 2025 La\u00a0tasa de desempleo en M\u00e9xico\u00a0descendi\u00f3 en el\u00a0tercer trimestre\u00a0de este a\u00f1o a un 2,9 % de la\u00a0poblaci\u00f3n econ\u00f3micamente activa\u00a0(PEA), un dato inferior al 3 % del mismo periodo de 2024, inform\u00f3 este mi\u00e9rcoles el\u00a0Instituto Nacional de Estad\u00edstica y Geograf\u00eda\u00a0(Inegi). \u201cEn el trimestre julio-septiembre [&hellip;]<\/p>\n","protected":false},"author":1,"featured_media":5439,"comment_status":"open","ping_status":"open","sticky":false,"template":"","format":"standard","meta":{"footnotes":""},"categories":[4],"tags":[],"class_list":["post-5437","post","type-post","status-publish","format-standard","has-post-thumbnail","hentry","category-noticias"],"_links":{"self":[{"href":"https:\/\/trabucoradio.com\/home\/index.php?rest_route=\/wp\/v2\/posts\/5437","targetHints":{"allow":["GET"]}}],"collection":[{"href":"https:\/\/trabucoradio.com\/home\/index.php?rest_route=\/wp\/v2\/posts"}],"about":[{"href":"https:\/\/trabucoradio.com\/home\/index.php?rest_route=\/wp\/v2\/types\/post"}],"author":[{"embeddable":true,"href":"https:\/\/trabucoradio.com\/home\/index.php?rest_route=\/wp\/v2\/users\/1"}],"replies":[{"embeddable":true,"href":"https:\/\/trabucoradio.com\/home\/index.php?rest_route=%2Fwp%2Fv2%2Fcomments&post=5437"}],"version-history":[{"count":1,"href":"https:\/\/trabucoradio.com\/home\/index.php?rest_route=\/wp\/v2\/posts\/5437\/revisions"}],"predecessor-version":[{"id":5440,"href":"https:\/\/trabucoradio.com\/home\/index.php?rest_route=\/wp\/v2\/posts\/5437\/revisions\/5440"}],"wp:featuredmedia":[{"embeddable":true,"href":"https:\/\/trabucoradio.com\/home\/index.php?rest_route=\/wp\/v2\/media\/5439"}],"wp:attachment":[{"href":"https:\/\/trabucoradio.com\/home\/index.php?rest_route=%2Fwp%2Fv2%2Fmedia&parent=5437"}],"wp:term":[{"taxonomy":"category","embeddable":true,"href":"https:\/\/trabucoradio.com\/home\/index.php?rest_route=%2Fwp%2Fv2%2Fcategories&post=5437"},{"taxonomy":"post_tag","embeddable":true,"href":"https:\/\/trabucoradio.com\/home\/index.php?rest_route=%2Fwp%2Fv2%2Ftags&post=5437"}],"curies":[{"name":"wp","href":"https:\/\/api.w.org\/{rel}","templated":true}]}}