{"id":5434,"date":"2025-11-26T08:39:11","date_gmt":"2025-11-26T14:39:11","guid":{"rendered":"https:\/\/trabucoradio.com\/home\/?p=5434"},"modified":"2025-11-26T08:39:11","modified_gmt":"2025-11-26T14:39:11","slug":"dan-prision-a-el-pelon-reclutador-de-sicarios-del-cjng-que-asesinaron-a-carlos-manzo","status":"publish","type":"post","link":"https:\/\/trabucoradio.com\/home\/?p=5434","title":{"rendered":"DAN PRISI\u00d3N A &#8216;EL PEL\u00d3N&#8217;, RECLUTADOR DE SICARIOS DEL CJNG QUE ASESINARON A CARLOS MANZO"},"content":{"rendered":"<p><strong>DAN PRISI\u00d3N A &#8216;EL PEL\u00d3N&#8217;, RECLUTADOR DE SICARIOS DEL CJNG QUE ASESINARON A CARLOS MANZO<\/strong><\/p>\n<p>Un juez de Control\u00a0<strong>impuso prisi\u00f3n preventiva oficiosa a Jaciel Antonio Herrera Torres\u00a0\u00abEl Pel\u00f3n\u00bb<\/strong>,\u00a0presunto integrante del\u00a0C\u00e1rtel Jalisco Nueva Generaci\u00f3n\u00a0(CJNG) y quien es acusado de haber reclutado a dos de los sicarios que participaron en el asesinato de Carlos Manzo Rodr\u00edguez, alcalde de Uruapan.<\/p>\n<p>La\u00a0<strong>audiencia contra\u00a0\u00abEl Pel\u00f3n\u00bb, de 36 a\u00f1os de edad, tuvo una duraci\u00f3n de tres horas y se realiz\u00f3 en la Sala 3 de los Juzgados del penal \u00abDavid Franco Rodr\u00edguez\u00bb,<\/strong>\u00a0en el municipio de Charo, donde el presunto delincuente se encuentra recluido.<\/p>\n<p>El juez de Control determin\u00f3 la prisi\u00f3n preventiva oficiosa al considerar que la Fiscal\u00eda General del Estado (FGE), aport\u00f3 los elementos suficientes que hacen presumir la responsabilidad de\u00a0<strong>\u00abEl Pel\u00f3n\u00bb\u00a0en los delitos de extorsi\u00f3n y cohecho, aunque por el momento no ha sido acusado de reclutar a dos de los sicarios \u00a0que atentaron contra\u00a0Carlos Manzo.<\/strong><\/p>\n<p>Mientras, la defensa de \u00abEl Pel\u00f3n\u00bb\u00a0tambi\u00e9n solicit\u00f3 la duplicidad del t\u00e9rmino constitucional, por lo que ser\u00e1 hasta el pr\u00f3ximo domingo cuando el juez de Control determine si el detenido es vinculado o no a proceso.<\/p>\n<p><strong>Presuntamente, \u00abEl Pel\u00f3n\u00bb intent\u00f3 extorsionar a la madre de \u00a0Fernando Josu\u00e9 Leal Aceves, uno de los pistoleros que reclut\u00f3 y quien fue encontrado asesinado el 10 de noviembre pasado en la carretera Uruapan-Paracho<\/strong>. Junto a Fernando Josu\u00e9 tambi\u00e9n fue asesinado Ramiro \u00abN\u00bb, otro presunto involucrado en el crimen de\u00a0Manzo Rodr\u00edguez.<\/p>\n<p>Tambi\u00e9n,\u00a0<strong>\u00abEl Pel\u00f3n\u00bb enfrenta la acusaci\u00f3n de cohecho al intentar evitar ser detenido tras ofrecer una cantidad de dinero a los agentes que lo detuvieron el domingo, afuera del hotel San Francisco de Uruapan.<\/strong><\/p>\n","protected":false},"excerpt":{"rendered":"<p>DAN PRISI\u00d3N A &#8216;EL PEL\u00d3N&#8217;, RECLUTADOR DE SICARIOS DEL CJNG QUE ASESINARON A CARLOS MANZO Un juez de Control\u00a0impuso prisi\u00f3n preventiva oficiosa a Jaciel Antonio Herrera Torres\u00a0\u00abEl Pel\u00f3n\u00bb,\u00a0presunto integrante del\u00a0C\u00e1rtel Jalisco Nueva Generaci\u00f3n\u00a0(CJNG) y quien es acusado de haber reclutado a dos de los sicarios que participaron en el asesinato de Carlos Manzo Rodr\u00edguez, alcalde [&hellip;]<\/p>\n","protected":false},"author":1,"featured_media":5435,"comment_status":"open","ping_status":"open","sticky":false,"template":"","format":"standard","meta":{"footnotes":""},"categories":[4],"tags":[],"class_list":["post-5434","post","type-post","status-publish","format-standard","has-post-thumbnail","hentry","category-noticias"],"_links":{"self":[{"href":"https:\/\/trabucoradio.com\/home\/index.php?rest_route=\/wp\/v2\/posts\/5434","targetHints":{"allow":["GET"]}}],"collection":[{"href":"https:\/\/trabucoradio.com\/home\/index.php?rest_route=\/wp\/v2\/posts"}],"about":[{"href":"https:\/\/trabucoradio.com\/home\/index.php?rest_route=\/wp\/v2\/types\/post"}],"author":[{"embeddable":true,"href":"https:\/\/trabucoradio.com\/home\/index.php?rest_route=\/wp\/v2\/users\/1"}],"replies":[{"embeddable":true,"href":"https:\/\/trabucoradio.com\/home\/index.php?rest_route=%2Fwp%2Fv2%2Fcomments&post=5434"}],"version-history":[{"count":1,"href":"https:\/\/trabucoradio.com\/home\/index.php?rest_route=\/wp\/v2\/posts\/5434\/revisions"}],"predecessor-version":[{"id":5436,"href":"https:\/\/trabucoradio.com\/home\/index.php?rest_route=\/wp\/v2\/posts\/5434\/revisions\/5436"}],"wp:featuredmedia":[{"embeddable":true,"href":"https:\/\/trabucoradio.com\/home\/index.php?rest_route=\/wp\/v2\/media\/5435"}],"wp:attachment":[{"href":"https:\/\/trabucoradio.com\/home\/index.php?rest_route=%2Fwp%2Fv2%2Fmedia&parent=5434"}],"wp:term":[{"taxonomy":"category","embeddable":true,"href":"https:\/\/trabucoradio.com\/home\/index.php?rest_route=%2Fwp%2Fv2%2Fcategories&post=5434"},{"taxonomy":"post_tag","embeddable":true,"href":"https:\/\/trabucoradio.com\/home\/index.php?rest_route=%2Fwp%2Fv2%2Ftags&post=5434"}],"curies":[{"name":"wp","href":"https:\/\/api.w.org\/{rel}","templated":true}]}}