{"id":5424,"date":"2025-11-22T09:59:29","date_gmt":"2025-11-22T15:59:29","guid":{"rendered":"https:\/\/trabucoradio.com\/home\/?p=5424"},"modified":"2025-11-22T09:59:29","modified_gmt":"2025-11-22T15:59:29","slug":"sheinbaum-invita-a-celebrar-7-anos-de-la-4t-en-el-zocalo","status":"publish","type":"post","link":"https:\/\/trabucoradio.com\/home\/?p=5424","title":{"rendered":"SHEINBAUM INVITA A CELEBRAR 7 A\u00d1OS DE LA 4T EN EL Z\u00d3CALO"},"content":{"rendered":"<p><strong>SHEINBAUM INVITA A CELEBRAR 7 A\u00d1OS DE LA 4T EN EL Z\u00d3CALO<\/strong><\/p>\n<p>Desde\u00a0Tuxtla Guti\u00e9rrez, la presidenta de\u00a0M\u00e9xico,<strong>\u00a0Claudia Sheinbaum Pardo, invit\u00f3 a los mexicanos a participar el 6 de diciembre en una concentraci\u00f3n en el\u00a0Z\u00f3calo de la Ciudad de M\u00e9xico\u00a0por los siete a\u00f1os de la llamada\u00a0Cuarta Transformaci\u00f3n.<\/strong><\/p>\n<p>Sheinbaum Pardo asegur\u00f3 que el movimiento de la\u00a04-T\u00a0est\u00e1 fuerte y que pese a que algunos quieren sus\u00a0<strong>\u201cprivilegios\u201c,<\/strong>\u00a0no lograr\u00e1n traicionar al pueblo.<\/p>\n<p>Asimismo, la presidenta asegur\u00f3 que el evento que realizar\u00e1 en el\u00a0<strong>Z\u00f3calo recordar\u00e1 la llegada de la llamada Cuarta Transformaci\u00f3n, cuando Andr\u00e9s Manuel L\u00f3pez Obrador tom\u00f3 posesi\u00f3n como presidente de M\u00e9xico.<\/strong><\/p>\n","protected":false},"excerpt":{"rendered":"<p>SHEINBAUM INVITA A CELEBRAR 7 A\u00d1OS DE LA 4T EN EL Z\u00d3CALO Desde\u00a0Tuxtla Guti\u00e9rrez, la presidenta de\u00a0M\u00e9xico,\u00a0Claudia Sheinbaum Pardo, invit\u00f3 a los mexicanos a participar el 6 de diciembre en una concentraci\u00f3n en el\u00a0Z\u00f3calo de la Ciudad de M\u00e9xico\u00a0por los siete a\u00f1os de la llamada\u00a0Cuarta Transformaci\u00f3n. Sheinbaum Pardo asegur\u00f3 que el movimiento de la\u00a04-T\u00a0est\u00e1 fuerte [&hellip;]<\/p>\n","protected":false},"author":1,"featured_media":5425,"comment_status":"open","ping_status":"open","sticky":false,"template":"","format":"standard","meta":{"footnotes":""},"categories":[4,3],"tags":[],"class_list":["post-5424","post","type-post","status-publish","format-standard","has-post-thumbnail","hentry","category-noticias","category-politica"],"_links":{"self":[{"href":"https:\/\/trabucoradio.com\/home\/index.php?rest_route=\/wp\/v2\/posts\/5424","targetHints":{"allow":["GET"]}}],"collection":[{"href":"https:\/\/trabucoradio.com\/home\/index.php?rest_route=\/wp\/v2\/posts"}],"about":[{"href":"https:\/\/trabucoradio.com\/home\/index.php?rest_route=\/wp\/v2\/types\/post"}],"author":[{"embeddable":true,"href":"https:\/\/trabucoradio.com\/home\/index.php?rest_route=\/wp\/v2\/users\/1"}],"replies":[{"embeddable":true,"href":"https:\/\/trabucoradio.com\/home\/index.php?rest_route=%2Fwp%2Fv2%2Fcomments&post=5424"}],"version-history":[{"count":1,"href":"https:\/\/trabucoradio.com\/home\/index.php?rest_route=\/wp\/v2\/posts\/5424\/revisions"}],"predecessor-version":[{"id":5426,"href":"https:\/\/trabucoradio.com\/home\/index.php?rest_route=\/wp\/v2\/posts\/5424\/revisions\/5426"}],"wp:featuredmedia":[{"embeddable":true,"href":"https:\/\/trabucoradio.com\/home\/index.php?rest_route=\/wp\/v2\/media\/5425"}],"wp:attachment":[{"href":"https:\/\/trabucoradio.com\/home\/index.php?rest_route=%2Fwp%2Fv2%2Fmedia&parent=5424"}],"wp:term":[{"taxonomy":"category","embeddable":true,"href":"https:\/\/trabucoradio.com\/home\/index.php?rest_route=%2Fwp%2Fv2%2Fcategories&post=5424"},{"taxonomy":"post_tag","embeddable":true,"href":"https:\/\/trabucoradio.com\/home\/index.php?rest_route=%2Fwp%2Fv2%2Ftags&post=5424"}],"curies":[{"name":"wp","href":"https:\/\/api.w.org\/{rel}","templated":true}]}}