{"id":5421,"date":"2025-11-19T15:58:08","date_gmt":"2025-11-19T21:58:08","guid":{"rendered":"https:\/\/trabucoradio.com\/home\/?p=5421"},"modified":"2025-11-19T15:58:08","modified_gmt":"2025-11-19T21:58:08","slug":"caifanes-anuncia-concierto-en-tabasco-en-marzo-de-2026","status":"publish","type":"post","link":"https:\/\/trabucoradio.com\/home\/?p=5421","title":{"rendered":"&#8216;CAIFANES&#8217; ANUNCIA CONCIERTO EN TABASCO, EN MARZO DE 2026"},"content":{"rendered":"<p><strong>&#8216;CAIFANES&#8217; ANUNCIA CONCIERTO EN TABASCO, EN MARZO DE 2026<\/strong><\/p>\n<p><span style=\"font-family: Arial, sans-serif;\"><span style=\"font-size: medium;\">Caifanes, una de las m\u00e1s\u00a0<strong>bandas m\u00e1s importantes del rock en espa\u00f1ol<\/strong>\u00a0anunci\u00f3 a trav\u00e9s de sus redes sociales que visitar\u00e1 Tabasco el pr\u00f3ximo a\u00f1o.<\/span><\/span><\/p>\n<p><span style=\"font-family: Arial, sans-serif;\"><span style=\"font-size: medium;\">La agrupaci\u00f3n, famosa por canciones como &#8216;Matenme porque me muero&#8217;, &#8216;La C\u00e9lula explota&#8217; o &#8216;La Negra Tomasa&#8217;,\u00a0inform\u00f3 que se presentar\u00e1 en teatro al aire libre del\u00a0<strong>Parque Tabasco \u2018Dora Mar\u00eda\u2019, el d\u00eda 7 de marzo del 2026.<\/strong><\/span><\/span><\/p>\n<p><span style=\"font-family: Arial, sans-serif;\"><span style=\"font-size: medium;\">Los fans o seguidores de una de las\u00a0bandas m\u00e1s ic\u00f3nicas de M\u00e9xico\u00a0podr\u00e1n adquirir sus boletos a trav\u00e9s de\u00a0showbiz o acudir al Hotel Hampton Inn Villahermosa.<\/span><\/span><\/p>\n","protected":false},"excerpt":{"rendered":"<p>&#8216;CAIFANES&#8217; ANUNCIA CONCIERTO EN TABASCO, EN MARZO DE 2026 Caifanes, una de las m\u00e1s\u00a0bandas m\u00e1s importantes del rock en espa\u00f1ol\u00a0anunci\u00f3 a trav\u00e9s de sus redes sociales que visitar\u00e1 Tabasco el pr\u00f3ximo a\u00f1o. La agrupaci\u00f3n, famosa por canciones como &#8216;Matenme porque me muero&#8217;, &#8216;La C\u00e9lula explota&#8217; o &#8216;La Negra Tomasa&#8217;,\u00a0inform\u00f3 que se presentar\u00e1 en teatro al [&hellip;]<\/p>\n","protected":false},"author":1,"featured_media":5422,"comment_status":"open","ping_status":"open","sticky":false,"template":"","format":"standard","meta":{"footnotes":""},"categories":[6],"tags":[],"class_list":["post-5421","post","type-post","status-publish","format-standard","has-post-thumbnail","hentry","category-conoce"],"_links":{"self":[{"href":"https:\/\/trabucoradio.com\/home\/index.php?rest_route=\/wp\/v2\/posts\/5421","targetHints":{"allow":["GET"]}}],"collection":[{"href":"https:\/\/trabucoradio.com\/home\/index.php?rest_route=\/wp\/v2\/posts"}],"about":[{"href":"https:\/\/trabucoradio.com\/home\/index.php?rest_route=\/wp\/v2\/types\/post"}],"author":[{"embeddable":true,"href":"https:\/\/trabucoradio.com\/home\/index.php?rest_route=\/wp\/v2\/users\/1"}],"replies":[{"embeddable":true,"href":"https:\/\/trabucoradio.com\/home\/index.php?rest_route=%2Fwp%2Fv2%2Fcomments&post=5421"}],"version-history":[{"count":1,"href":"https:\/\/trabucoradio.com\/home\/index.php?rest_route=\/wp\/v2\/posts\/5421\/revisions"}],"predecessor-version":[{"id":5423,"href":"https:\/\/trabucoradio.com\/home\/index.php?rest_route=\/wp\/v2\/posts\/5421\/revisions\/5423"}],"wp:featuredmedia":[{"embeddable":true,"href":"https:\/\/trabucoradio.com\/home\/index.php?rest_route=\/wp\/v2\/media\/5422"}],"wp:attachment":[{"href":"https:\/\/trabucoradio.com\/home\/index.php?rest_route=%2Fwp%2Fv2%2Fmedia&parent=5421"}],"wp:term":[{"taxonomy":"category","embeddable":true,"href":"https:\/\/trabucoradio.com\/home\/index.php?rest_route=%2Fwp%2Fv2%2Fcategories&post=5421"},{"taxonomy":"post_tag","embeddable":true,"href":"https:\/\/trabucoradio.com\/home\/index.php?rest_route=%2Fwp%2Fv2%2Ftags&post=5421"}],"curies":[{"name":"wp","href":"https:\/\/api.w.org\/{rel}","templated":true}]}}