{"id":5415,"date":"2025-11-19T15:42:22","date_gmt":"2025-11-19T21:42:22","guid":{"rendered":"https:\/\/trabucoradio.com\/home\/?p=5415"},"modified":"2025-11-19T15:42:22","modified_gmt":"2025-11-19T21:42:22","slug":"detienen-a-autor-intelectual-del-asesinato-de-carlos-manzo","status":"publish","type":"post","link":"https:\/\/trabucoradio.com\/home\/?p=5415","title":{"rendered":"DETIENEN A AUTOR INTELECTUAL DEL ASESINATO DE CARLOS MANZO"},"content":{"rendered":"<p><strong>DETIENEN A AUTOR INTELECTUAL DEL ASESINATO DE CARLOS MANZO<\/strong><\/p>\n<p>El secretario de\u00a0<strong>Seguridad y Protecci\u00f3n Ciudadana<\/strong>, Omar Garc\u00eda Harfuch, inform\u00f3 este mi\u00e9rcoles que fue detenido Jorge Armando \u2018N\u2019, alias &#8216;El licenciado&#8217;, identificado como uno de los\u00a0<strong>autores intelectuales<\/strong>\u00a0del homicidio de\u00a0<strong>Carlos Manzo<\/strong>, alcalde de Uruapan, as\u00ed como uno de los l\u00edderes que planearon el atentado.<\/p>\n<p>En conferencia de prensa, Harfuch destac\u00f3 que la detenci\u00f3n se logr\u00f3 gracias a las acciones coordinadas por las instituciones que integran el\u00a0<strong>Gabinete de Seguridad<\/strong>, as\u00ed como el an\u00e1lisis \u201cminucioso de evidencias\u201d que permitieron avanzar en la investigaci\u00f3n del caso.<\/p>\n<p>De acuerdo con Harfuch, Armando &#8216;N&#8217; es tambi\u00e9n uno de los l\u00edderes de la c\u00e9lula criminal vinculada al\u00a0<strong>C\u00e1rtel Jalisco Nueva Generaci\u00f3n<\/strong>\u00a0(CJNG).<\/p>\n<p>Tambi\u00e9n confirm\u00f3 que, en la noche de los hechos, V\u00edctor Manuel \u2018N\u2019, el sicario que asesin\u00f3 a Manzo, estuvo acompa\u00f1ado de Fernando Josu\u00e9 &#8216;N&#8217; y Ramiro &#8216;N&#8217;, mismos que fueron hallados sin vida el 10 de noviembre\u00a0sobre una carretera de Uruapan-Paracho, Michoac\u00e1n.<\/p>\n<div>Harfuch detall\u00f3 que Ramiro formaba parte de un grupo de una aplicaci\u00f3n de mensajer\u00eda, en el cual, recib\u00eda\u00a0las instrucciones de &#8216;El Licenciado&#8217;, para coordinar\u00a0la agresi\u00f3n en contra Manzo.<\/div>\n","protected":false},"excerpt":{"rendered":"<p>DETIENEN A AUTOR INTELECTUAL DEL ASESINATO DE CARLOS MANZO El secretario de\u00a0Seguridad y Protecci\u00f3n Ciudadana, Omar Garc\u00eda Harfuch, inform\u00f3 este mi\u00e9rcoles que fue detenido Jorge Armando \u2018N\u2019, alias &#8216;El licenciado&#8217;, identificado como uno de los\u00a0autores intelectuales\u00a0del homicidio de\u00a0Carlos Manzo, alcalde de Uruapan, as\u00ed como uno de los l\u00edderes que planearon el atentado. En conferencia de [&hellip;]<\/p>\n","protected":false},"author":1,"featured_media":5416,"comment_status":"open","ping_status":"open","sticky":false,"template":"","format":"standard","meta":{"footnotes":""},"categories":[4],"tags":[],"class_list":["post-5415","post","type-post","status-publish","format-standard","has-post-thumbnail","hentry","category-noticias"],"_links":{"self":[{"href":"https:\/\/trabucoradio.com\/home\/index.php?rest_route=\/wp\/v2\/posts\/5415","targetHints":{"allow":["GET"]}}],"collection":[{"href":"https:\/\/trabucoradio.com\/home\/index.php?rest_route=\/wp\/v2\/posts"}],"about":[{"href":"https:\/\/trabucoradio.com\/home\/index.php?rest_route=\/wp\/v2\/types\/post"}],"author":[{"embeddable":true,"href":"https:\/\/trabucoradio.com\/home\/index.php?rest_route=\/wp\/v2\/users\/1"}],"replies":[{"embeddable":true,"href":"https:\/\/trabucoradio.com\/home\/index.php?rest_route=%2Fwp%2Fv2%2Fcomments&post=5415"}],"version-history":[{"count":1,"href":"https:\/\/trabucoradio.com\/home\/index.php?rest_route=\/wp\/v2\/posts\/5415\/revisions"}],"predecessor-version":[{"id":5417,"href":"https:\/\/trabucoradio.com\/home\/index.php?rest_route=\/wp\/v2\/posts\/5415\/revisions\/5417"}],"wp:featuredmedia":[{"embeddable":true,"href":"https:\/\/trabucoradio.com\/home\/index.php?rest_route=\/wp\/v2\/media\/5416"}],"wp:attachment":[{"href":"https:\/\/trabucoradio.com\/home\/index.php?rest_route=%2Fwp%2Fv2%2Fmedia&parent=5415"}],"wp:term":[{"taxonomy":"category","embeddable":true,"href":"https:\/\/trabucoradio.com\/home\/index.php?rest_route=%2Fwp%2Fv2%2Fcategories&post=5415"},{"taxonomy":"post_tag","embeddable":true,"href":"https:\/\/trabucoradio.com\/home\/index.php?rest_route=%2Fwp%2Fv2%2Ftags&post=5415"}],"curies":[{"name":"wp","href":"https:\/\/api.w.org\/{rel}","templated":true}]}}