{"id":5408,"date":"2025-11-19T09:10:55","date_gmt":"2025-11-19T15:10:55","guid":{"rendered":"https:\/\/trabucoradio.com\/home\/?p=5408"},"modified":"2025-11-19T09:10:55","modified_gmt":"2025-11-19T15:10:55","slug":"instalaran-en-el-louvre-centenar-de-camaras-y-puesto-de-policia-tras-robo","status":"publish","type":"post","link":"https:\/\/trabucoradio.com\/home\/?p=5408","title":{"rendered":"INSTALAR\u00c1N EN EL LOUVRE CENTENAR DE C\u00c1MARAS Y PUESTO DE POLIC\u00cdA TRAS ROBO"},"content":{"rendered":"<p><strong>INSTALAR\u00c1N EN EL LOUVRE CENTENAR DE C\u00c1MARAS Y PUESTO DE POLIC\u00cdA TRAS ROBO<\/strong><\/p>\n<p>La presidenta y directora del\u00a0<strong>Louvre<\/strong>, Laurence des Cars, detall\u00f3 este mi\u00e9rcoles que se han puesto en marcha una veintena de medidas urgentes para asegurar el\u00a0<strong>museo<\/strong>, incluida la instalaci\u00f3n de un centenar de\u00a0<strong>c\u00e1maras perimetrales<\/strong>\u00a0y la instalaci\u00f3n de un puesto m\u00f3vil de la\u00a0<strong>Polic\u00eda<\/strong>\u00a0en el interior.<\/p>\n<p>As\u00ed lo detall\u00f3 al comparecer en la comisi\u00f3n de Asun<strong>tos Culturales y de la Educaci\u00f3n de Asamblea Nacional<\/strong>\u00a0al cumplirse justo un mes del impactante\u00a0<strong>robo sufrido el 19 de octubre<\/strong>, en el que se sustrajeron ocho\u00a0<strong>joyas de la Corona francesa<\/strong>\u00a0de un valor patrimonial incalculable que a\u00fan no han podido ser recuperadas.<\/p>\n<p>El incidente desat\u00f3 una avalancha de cr\u00edticas y preocupaci\u00f3n por la\u00a0<strong>seguridad<\/strong>\u00a0y el estado del museo, empeorada por el reciente anuncio del cierre de una galer\u00eda por la fragilidad de las vigas del edificio.<\/p>\n<p>Las medidas incluyen tambi\u00e9n la creaci\u00f3n de un coordinador de seguridad adjunto a la presidencia, para tener una visi\u00f3n general sobre las necesidades para garantizar la integridad del museo.<\/p>\n","protected":false},"excerpt":{"rendered":"<p>INSTALAR\u00c1N EN EL LOUVRE CENTENAR DE C\u00c1MARAS Y PUESTO DE POLIC\u00cdA TRAS ROBO La presidenta y directora del\u00a0Louvre, Laurence des Cars, detall\u00f3 este mi\u00e9rcoles que se han puesto en marcha una veintena de medidas urgentes para asegurar el\u00a0museo, incluida la instalaci\u00f3n de un centenar de\u00a0c\u00e1maras perimetrales\u00a0y la instalaci\u00f3n de un puesto m\u00f3vil de la\u00a0Polic\u00eda\u00a0en el [&hellip;]<\/p>\n","protected":false},"author":1,"featured_media":5409,"comment_status":"open","ping_status":"open","sticky":false,"template":"","format":"standard","meta":{"footnotes":""},"categories":[4],"tags":[],"class_list":["post-5408","post","type-post","status-publish","format-standard","has-post-thumbnail","hentry","category-noticias"],"_links":{"self":[{"href":"https:\/\/trabucoradio.com\/home\/index.php?rest_route=\/wp\/v2\/posts\/5408","targetHints":{"allow":["GET"]}}],"collection":[{"href":"https:\/\/trabucoradio.com\/home\/index.php?rest_route=\/wp\/v2\/posts"}],"about":[{"href":"https:\/\/trabucoradio.com\/home\/index.php?rest_route=\/wp\/v2\/types\/post"}],"author":[{"embeddable":true,"href":"https:\/\/trabucoradio.com\/home\/index.php?rest_route=\/wp\/v2\/users\/1"}],"replies":[{"embeddable":true,"href":"https:\/\/trabucoradio.com\/home\/index.php?rest_route=%2Fwp%2Fv2%2Fcomments&post=5408"}],"version-history":[{"count":1,"href":"https:\/\/trabucoradio.com\/home\/index.php?rest_route=\/wp\/v2\/posts\/5408\/revisions"}],"predecessor-version":[{"id":5410,"href":"https:\/\/trabucoradio.com\/home\/index.php?rest_route=\/wp\/v2\/posts\/5408\/revisions\/5410"}],"wp:featuredmedia":[{"embeddable":true,"href":"https:\/\/trabucoradio.com\/home\/index.php?rest_route=\/wp\/v2\/media\/5409"}],"wp:attachment":[{"href":"https:\/\/trabucoradio.com\/home\/index.php?rest_route=%2Fwp%2Fv2%2Fmedia&parent=5408"}],"wp:term":[{"taxonomy":"category","embeddable":true,"href":"https:\/\/trabucoradio.com\/home\/index.php?rest_route=%2Fwp%2Fv2%2Fcategories&post=5408"},{"taxonomy":"post_tag","embeddable":true,"href":"https:\/\/trabucoradio.com\/home\/index.php?rest_route=%2Fwp%2Fv2%2Ftags&post=5408"}],"curies":[{"name":"wp","href":"https:\/\/api.w.org\/{rel}","templated":true}]}}